{"id":1292,"date":"2023-02-20T11:18:00","date_gmt":"2023-02-20T10:18:00","guid":{"rendered":"https:\/\/wp.sprachtherapie-duisburg.de\/aktuelles\/?p=1292"},"modified":"2024-04-13T13:35:51","modified_gmt":"2024-04-13T11:35:51","slug":"stottern-ein-eisberg","status":"publish","type":"post","link":"https:\/\/wp.sprachtherapie-duisburg.de\/aktuelles\/2023\/02\/stottern-ein-eisberg\/","title":{"rendered":"Stottern &#8211; Stottermodifikation"},"content":{"rendered":"\n<p class=\"wp-block-paragraph\"><\/p>\n\n\n\n<p class=\"wp-block-paragraph\"><strong>Bonner Stottertherapie von Holger Pr\u00fc\u00df<\/strong><\/p>\n\n\n\n<p class=\"wp-block-paragraph\">Zuk\u00fcnftig bieten wir die erfolgreiche Bonner Stottertherapie als ambulante Therapieform in unseren Praxen an. Daf\u00fcr haben wir Herrn Volker Pr\u00fc\u00df eingeladen, der als Selbstbetroffener die Bonner Stottertherapie entwickelt hat und uns in einer 2-teiligen Fortbildungsreihe in unseren Fortbildungsr\u00e4umen unserer Praxis in Dinslaken-Eppinghoven mit diesem erfolgreichen Konzept vertraut machen wird.<\/p>\n\n\n\n<p class=\"wp-block-paragraph\">Bevor wir in die Methoden der Stottermodifikation eintauchten, verglich Herr Pr\u00fc\u00df das Stottern mit einem Eisberg, dessen gr\u00f6\u00dfte Masse unsichtbar unter der Wasseroberfl\u00e4che liegt. Analog machen die Blockierungen, Dehnungen und Wiederholungen nur den kleinsten, \u201esichtbaren\u201c Anteil der Stotterproblematik aus. Der nicht sichtbare Teil macht dagegen den bei weitem gr\u00f6\u00dften Teil der Gesamtproblematik aus. Der Betroffene erlebt Hilflosigkeit, Mutlosigkeit, Frustration, Verzweiflung, Selbstabwertung, Scham und Angst.<br>Stottern ist ein Problem des Sprechens und hat eine psychische und soziale Folgeproblematik. Die Bonner Stottertherapie behandelt beide Aspekte. Sie ver\u00e4ndert das Sprechen erfolgreich.<br><\/p>\n","protected":false},"excerpt":{"rendered":"<p>Bonner Stottertherapie von Holger Pr\u00fc\u00df Zuk\u00fcnftig bieten wir die erfolgreiche Bonner Stottertherapie als ambulante Therapieform in unseren Praxen an. Daf\u00fcr haben wir Herrn Volker Pr\u00fc\u00df eingeladen, der als Selbstbetroffener die Bonner Stottertherapie entwickelt hat und uns in einer 2-teiligen Fortbildungsreihe in unseren Fortbildungsr\u00e4umen unserer Praxis in Dinslaken-Eppinghoven mit diesem erfolgreichen Konzept vertraut machen wird. Bevor&#8230;<\/p>\n","protected":false},"author":1,"featured_media":1293,"comment_status":"closed","ping_status":"closed","sticky":false,"template":"","format":"standard","meta":{"_crdt_document":"","_themeisle_gutenberg_block_has_review":false,"_jetpack_memberships_contains_paid_content":false,"footnotes":""},"categories":[23],"tags":[47,45,46,39,38],"class_list":["post-1292","post","type-post","status-publish","format-standard","has-post-thumbnail","hentry","category-beitraege","tag-bonner-stottertherapie","tag-fluency-shaping","tag-holger-pruess","tag-redeflussstoerungen","tag-stottern"],"acf":[],"yoast_head":"<!-- This site is optimized with the Yoast SEO plugin v27.5 - https:\/\/yoast.com\/product\/yoast-seo-wordpress\/ -->\n<title>Stottern - Stottermodifikation &#187; LOGOP\u00c4DIE OEHM &amp; SOMMER<\/title>\n<meta name=\"robots\" content=\"index, follow, max-snippet:-1, max-image-preview:large, max-video-preview:-1\" \/>\n<link rel=\"canonical\" href=\"https:\/\/wp.sprachtherapie-duisburg.de\/aktuelles\/2023\/02\/stottern-ein-eisberg\/\" \/>\n<meta property=\"og:locale\" content=\"de_DE\" \/>\n<meta property=\"og:type\" content=\"article\" \/>\n<meta property=\"og:title\" content=\"Stottern - Stottermodifikation &#187; LOGOP\u00c4DIE OEHM &amp; SOMMER\" \/>\n<meta property=\"og:description\" content=\"Bonner Stottertherapie von Holger Pr\u00fc\u00df Zuk\u00fcnftig bieten wir die erfolgreiche Bonner Stottertherapie als ambulante Therapieform in unseren Praxen an. Daf\u00fcr haben wir Herrn Volker Pr\u00fc\u00df eingeladen, der als Selbstbetroffener die Bonner Stottertherapie entwickelt hat und uns in einer 2-teiligen Fortbildungsreihe in unseren Fortbildungsr\u00e4umen unserer Praxis in Dinslaken-Eppinghoven mit diesem erfolgreichen Konzept vertraut machen wird. Bevor...\" \/>\n<meta property=\"og:url\" content=\"https:\/\/wp.sprachtherapie-duisburg.de\/aktuelles\/2023\/02\/stottern-ein-eisberg\/\" \/>\n<meta property=\"og:site_name\" content=\"LOGOP\u00c4DIE OEHM &amp; SOMMER\" \/>\n<meta property=\"article:publisher\" content=\"https:\/\/www.facebook.com\/logoos\" \/>\n<meta property=\"article:published_time\" content=\"2023-02-20T10:18:00+00:00\" \/>\n<meta property=\"article:modified_time\" content=\"2024-04-13T11:35:51+00:00\" \/>\n<meta property=\"og:image\" content=\"https:\/\/wp.sprachtherapie-duisburg.de\/wp-content\/uploads\/2023\/03\/Pruess-Eisberg-scaled.jpg\" \/>\n\t<meta property=\"og:image:width\" content=\"2560\" \/>\n\t<meta property=\"og:image:height\" content=\"1868\" \/>\n\t<meta property=\"og:image:type\" content=\"image\/jpeg\" \/>\n<meta name=\"author\" content=\"OS\" \/>\n<meta name=\"twitter:card\" content=\"summary_large_image\" \/>\n<meta name=\"twitter:label1\" content=\"Verfasst von\" \/>\n\t<meta name=\"twitter:data1\" content=\"OS\" \/>\n\t<meta name=\"twitter:label2\" content=\"Gesch\u00e4tzte Lesezeit\" \/>\n\t<meta name=\"twitter:data2\" content=\"1\u00a0Minute\" \/>\n<script type=\"application\/ld+json\" class=\"yoast-schema-graph\">{\"@context\":\"https:\\\/\\\/schema.org\",\"@graph\":[{\"@type\":\"NewsArticle\",\"@id\":\"https:\\\/\\\/wp.sprachtherapie-duisburg.de\\\/aktuelles\\\/2023\\\/02\\\/stottern-ein-eisberg\\\/#article\",\"isPartOf\":{\"@id\":\"https:\\\/\\\/wp.sprachtherapie-duisburg.de\\\/aktuelles\\\/2023\\\/02\\\/stottern-ein-eisberg\\\/\"},\"author\":{\"name\":\"OS\",\"@id\":\"https:\\\/\\\/wp.sprachtherapie-duisburg.de\\\/aktuelles\\\/#\\\/schema\\\/person\\\/ba61ffba5ba6fd3613afbd21fecf58a5\"},\"headline\":\"Stottern &#8211; Stottermodifikation\",\"datePublished\":\"2023-02-20T10:18:00+00:00\",\"dateModified\":\"2024-04-13T11:35:51+00:00\",\"mainEntityOfPage\":{\"@id\":\"https:\\\/\\\/wp.sprachtherapie-duisburg.de\\\/aktuelles\\\/2023\\\/02\\\/stottern-ein-eisberg\\\/\"},\"wordCount\":152,\"publisher\":{\"@id\":\"https:\\\/\\\/wp.sprachtherapie-duisburg.de\\\/aktuelles\\\/#organization\"},\"image\":{\"@id\":\"https:\\\/\\\/wp.sprachtherapie-duisburg.de\\\/aktuelles\\\/2023\\\/02\\\/stottern-ein-eisberg\\\/#primaryimage\"},\"thumbnailUrl\":\"https:\\\/\\\/i0.wp.com\\\/wp.sprachtherapie-duisburg.de\\\/wp-content\\\/uploads\\\/2023\\\/03\\\/Pruess-Eisberg-scaled.jpg?fit=2560%2C1868&ssl=1\",\"keywords\":[\"Bonner Stottertherapie\",\"Fluency Shaping\",\"Holger Pr\u00fc\u00df\",\"redeflussst\u00f6rungen\",\"stottern\"],\"articleSection\":[\"Beitr\u00e4ge\"],\"inLanguage\":\"de\"},{\"@type\":[\"WebPage\",\"MedicalWebPage\"],\"@id\":\"https:\\\/\\\/wp.sprachtherapie-duisburg.de\\\/aktuelles\\\/2023\\\/02\\\/stottern-ein-eisberg\\\/\",\"url\":\"https:\\\/\\\/wp.sprachtherapie-duisburg.de\\\/aktuelles\\\/2023\\\/02\\\/stottern-ein-eisberg\\\/\",\"name\":\"Stottern - Stottermodifikation &#187; LOGOP\u00c4DIE OEHM &amp; SOMMER\",\"isPartOf\":{\"@id\":\"https:\\\/\\\/wp.sprachtherapie-duisburg.de\\\/aktuelles\\\/#website\"},\"primaryImageOfPage\":{\"@id\":\"https:\\\/\\\/wp.sprachtherapie-duisburg.de\\\/aktuelles\\\/2023\\\/02\\\/stottern-ein-eisberg\\\/#primaryimage\"},\"image\":{\"@id\":\"https:\\\/\\\/wp.sprachtherapie-duisburg.de\\\/aktuelles\\\/2023\\\/02\\\/stottern-ein-eisberg\\\/#primaryimage\"},\"thumbnailUrl\":\"https:\\\/\\\/i0.wp.com\\\/wp.sprachtherapie-duisburg.de\\\/wp-content\\\/uploads\\\/2023\\\/03\\\/Pruess-Eisberg-scaled.jpg?fit=2560%2C1868&ssl=1\",\"datePublished\":\"2023-02-20T10:18:00+00:00\",\"dateModified\":\"2024-04-13T11:35:51+00:00\",\"breadcrumb\":{\"@id\":\"https:\\\/\\\/wp.sprachtherapie-duisburg.de\\\/aktuelles\\\/2023\\\/02\\\/stottern-ein-eisberg\\\/#breadcrumb\"},\"inLanguage\":\"de\",\"potentialAction\":[{\"@type\":\"ReadAction\",\"target\":[\"https:\\\/\\\/wp.sprachtherapie-duisburg.de\\\/aktuelles\\\/2023\\\/02\\\/stottern-ein-eisberg\\\/\"]}]},{\"@type\":\"ImageObject\",\"inLanguage\":\"de\",\"@id\":\"https:\\\/\\\/wp.sprachtherapie-duisburg.de\\\/aktuelles\\\/2023\\\/02\\\/stottern-ein-eisberg\\\/#primaryimage\",\"url\":\"https:\\\/\\\/i0.wp.com\\\/wp.sprachtherapie-duisburg.de\\\/wp-content\\\/uploads\\\/2023\\\/03\\\/Pruess-Eisberg-scaled.jpg?fit=2560%2C1868&ssl=1\",\"contentUrl\":\"https:\\\/\\\/i0.wp.com\\\/wp.sprachtherapie-duisburg.de\\\/wp-content\\\/uploads\\\/2023\\\/03\\\/Pruess-Eisberg-scaled.jpg?fit=2560%2C1868&ssl=1\",\"width\":2560,\"height\":1868,\"caption\":\"Fortbildung Bonner Stottertherapie mit Volker Pr\u00fc\u00df\"},{\"@type\":\"BreadcrumbList\",\"@id\":\"https:\\\/\\\/wp.sprachtherapie-duisburg.de\\\/aktuelles\\\/2023\\\/02\\\/stottern-ein-eisberg\\\/#breadcrumb\",\"itemListElement\":[{\"@type\":\"ListItem\",\"position\":1,\"name\":\"Startseite\",\"item\":\"https:\\\/\\\/wp.sprachtherapie-duisburg.de\\\/aktuelles\\\/\"},{\"@type\":\"ListItem\",\"position\":2,\"name\":\"Stottern &#8211; Stottermodifikation\"}]},{\"@type\":\"WebSite\",\"@id\":\"https:\\\/\\\/wp.sprachtherapie-duisburg.de\\\/aktuelles\\\/#website\",\"url\":\"https:\\\/\\\/wp.sprachtherapie-duisburg.de\\\/aktuelles\\\/\",\"name\":\"LOGOP\u00c4DIE OEHM &amp; SOMMER\",\"description\":\"Sprachtherapie in Duisburg und Dinslaken\",\"publisher\":{\"@id\":\"https:\\\/\\\/wp.sprachtherapie-duisburg.de\\\/aktuelles\\\/#organization\"},\"potentialAction\":[{\"@type\":\"SearchAction\",\"target\":{\"@type\":\"EntryPoint\",\"urlTemplate\":\"https:\\\/\\\/wp.sprachtherapie-duisburg.de\\\/aktuelles\\\/?s={search_term_string}\"},\"query-input\":{\"@type\":\"PropertyValueSpecification\",\"valueRequired\":true,\"valueName\":\"search_term_string\"}}],\"inLanguage\":\"de\"},{\"@type\":\"Organization\",\"@id\":\"https:\\\/\\\/wp.sprachtherapie-duisburg.de\\\/aktuelles\\\/#organization\",\"name\":\"Logop\u00e4die Oehm & Sommer\",\"url\":\"https:\\\/\\\/wp.sprachtherapie-duisburg.de\\\/aktuelles\\\/\",\"logo\":{\"@type\":\"ImageObject\",\"inLanguage\":\"de\",\"@id\":\"https:\\\/\\\/wp.sprachtherapie-duisburg.de\\\/aktuelles\\\/#\\\/schema\\\/logo\\\/image\\\/\",\"url\":\"https:\\\/\\\/wp.sprachtherapie-duisburg.de\\\/wp-content\\\/uploads\\\/2021\\\/06\\\/Logo_2farbig_blau-gelb_aktuell-gespiegelt.png\",\"contentUrl\":\"https:\\\/\\\/wp.sprachtherapie-duisburg.de\\\/wp-content\\\/uploads\\\/2021\\\/06\\\/Logo_2farbig_blau-gelb_aktuell-gespiegelt.png\",\"width\":1886,\"height\":613,\"caption\":\"Logop\u00e4die Oehm & Sommer\"},\"image\":{\"@id\":\"https:\\\/\\\/wp.sprachtherapie-duisburg.de\\\/aktuelles\\\/#\\\/schema\\\/logo\\\/image\\\/\"},\"sameAs\":[\"https:\\\/\\\/www.facebook.com\\\/logoos\"]},{\"@type\":\"Person\",\"@id\":\"https:\\\/\\\/wp.sprachtherapie-duisburg.de\\\/aktuelles\\\/#\\\/schema\\\/person\\\/ba61ffba5ba6fd3613afbd21fecf58a5\",\"name\":\"OS\",\"image\":{\"@type\":\"ImageObject\",\"inLanguage\":\"de\",\"@id\":\"https:\\\/\\\/secure.gravatar.com\\\/avatar\\\/28bf7015ec790a2c2688fad9f5d25304b45823f76870e97e855432dd50efb2ec?s=96&d=mm&r=g\",\"url\":\"https:\\\/\\\/secure.gravatar.com\\\/avatar\\\/28bf7015ec790a2c2688fad9f5d25304b45823f76870e97e855432dd50efb2ec?s=96&d=mm&r=g\",\"contentUrl\":\"https:\\\/\\\/secure.gravatar.com\\\/avatar\\\/28bf7015ec790a2c2688fad9f5d25304b45823f76870e97e855432dd50efb2ec?s=96&d=mm&r=g\",\"caption\":\"OS\"},\"sameAs\":[\"https:\\\/\\\/wp.sprachtherapie-duisburg.de\"]}]}<\/script>\n<!-- \/ Yoast SEO plugin. -->","yoast_head_json":{"title":"Stottern - Stottermodifikation &#187; LOGOP\u00c4DIE OEHM &amp; SOMMER","robots":{"index":"index","follow":"follow","max-snippet":"max-snippet:-1","max-image-preview":"max-image-preview:large","max-video-preview":"max-video-preview:-1"},"canonical":"https:\/\/wp.sprachtherapie-duisburg.de\/aktuelles\/2023\/02\/stottern-ein-eisberg\/","og_locale":"de_DE","og_type":"article","og_title":"Stottern - Stottermodifikation &#187; LOGOP\u00c4DIE OEHM &amp; SOMMER","og_description":"Bonner Stottertherapie von Holger Pr\u00fc\u00df Zuk\u00fcnftig bieten wir die erfolgreiche Bonner Stottertherapie als ambulante Therapieform in unseren Praxen an. Daf\u00fcr haben wir Herrn Volker Pr\u00fc\u00df eingeladen, der als Selbstbetroffener die Bonner Stottertherapie entwickelt hat und uns in einer 2-teiligen Fortbildungsreihe in unseren Fortbildungsr\u00e4umen unserer Praxis in Dinslaken-Eppinghoven mit diesem erfolgreichen Konzept vertraut machen wird. Bevor...","og_url":"https:\/\/wp.sprachtherapie-duisburg.de\/aktuelles\/2023\/02\/stottern-ein-eisberg\/","og_site_name":"LOGOP\u00c4DIE OEHM &amp; SOMMER","article_publisher":"https:\/\/www.facebook.com\/logoos","article_published_time":"2023-02-20T10:18:00+00:00","article_modified_time":"2024-04-13T11:35:51+00:00","og_image":[{"width":2560,"height":1868,"url":"https:\/\/wp.sprachtherapie-duisburg.de\/wp-content\/uploads\/2023\/03\/Pruess-Eisberg-scaled.jpg","type":"image\/jpeg"}],"author":"OS","twitter_card":"summary_large_image","twitter_misc":{"Verfasst von":"OS","Gesch\u00e4tzte Lesezeit":"1\u00a0Minute"},"schema":{"@context":"https:\/\/schema.org","@graph":[{"@type":"NewsArticle","@id":"https:\/\/wp.sprachtherapie-duisburg.de\/aktuelles\/2023\/02\/stottern-ein-eisberg\/#article","isPartOf":{"@id":"https:\/\/wp.sprachtherapie-duisburg.de\/aktuelles\/2023\/02\/stottern-ein-eisberg\/"},"author":{"name":"OS","@id":"https:\/\/wp.sprachtherapie-duisburg.de\/aktuelles\/#\/schema\/person\/ba61ffba5ba6fd3613afbd21fecf58a5"},"headline":"Stottern &#8211; Stottermodifikation","datePublished":"2023-02-20T10:18:00+00:00","dateModified":"2024-04-13T11:35:51+00:00","mainEntityOfPage":{"@id":"https:\/\/wp.sprachtherapie-duisburg.de\/aktuelles\/2023\/02\/stottern-ein-eisberg\/"},"wordCount":152,"publisher":{"@id":"https:\/\/wp.sprachtherapie-duisburg.de\/aktuelles\/#organization"},"image":{"@id":"https:\/\/wp.sprachtherapie-duisburg.de\/aktuelles\/2023\/02\/stottern-ein-eisberg\/#primaryimage"},"thumbnailUrl":"https:\/\/i0.wp.com\/wp.sprachtherapie-duisburg.de\/wp-content\/uploads\/2023\/03\/Pruess-Eisberg-scaled.jpg?fit=2560%2C1868&ssl=1","keywords":["Bonner Stottertherapie","Fluency Shaping","Holger Pr\u00fc\u00df","redeflussst\u00f6rungen","stottern"],"articleSection":["Beitr\u00e4ge"],"inLanguage":"de"},{"@type":["WebPage","MedicalWebPage"],"@id":"https:\/\/wp.sprachtherapie-duisburg.de\/aktuelles\/2023\/02\/stottern-ein-eisberg\/","url":"https:\/\/wp.sprachtherapie-duisburg.de\/aktuelles\/2023\/02\/stottern-ein-eisberg\/","name":"Stottern - Stottermodifikation &#187; LOGOP\u00c4DIE OEHM &amp; SOMMER","isPartOf":{"@id":"https:\/\/wp.sprachtherapie-duisburg.de\/aktuelles\/#website"},"primaryImageOfPage":{"@id":"https:\/\/wp.sprachtherapie-duisburg.de\/aktuelles\/2023\/02\/stottern-ein-eisberg\/#primaryimage"},"image":{"@id":"https:\/\/wp.sprachtherapie-duisburg.de\/aktuelles\/2023\/02\/stottern-ein-eisberg\/#primaryimage"},"thumbnailUrl":"https:\/\/i0.wp.com\/wp.sprachtherapie-duisburg.de\/wp-content\/uploads\/2023\/03\/Pruess-Eisberg-scaled.jpg?fit=2560%2C1868&ssl=1","datePublished":"2023-02-20T10:18:00+00:00","dateModified":"2024-04-13T11:35:51+00:00","breadcrumb":{"@id":"https:\/\/wp.sprachtherapie-duisburg.de\/aktuelles\/2023\/02\/stottern-ein-eisberg\/#breadcrumb"},"inLanguage":"de","potentialAction":[{"@type":"ReadAction","target":["https:\/\/wp.sprachtherapie-duisburg.de\/aktuelles\/2023\/02\/stottern-ein-eisberg\/"]}]},{"@type":"ImageObject","inLanguage":"de","@id":"https:\/\/wp.sprachtherapie-duisburg.de\/aktuelles\/2023\/02\/stottern-ein-eisberg\/#primaryimage","url":"https:\/\/i0.wp.com\/wp.sprachtherapie-duisburg.de\/wp-content\/uploads\/2023\/03\/Pruess-Eisberg-scaled.jpg?fit=2560%2C1868&ssl=1","contentUrl":"https:\/\/i0.wp.com\/wp.sprachtherapie-duisburg.de\/wp-content\/uploads\/2023\/03\/Pruess-Eisberg-scaled.jpg?fit=2560%2C1868&ssl=1","width":2560,"height":1868,"caption":"Fortbildung Bonner Stottertherapie mit Volker Pr\u00fc\u00df"},{"@type":"BreadcrumbList","@id":"https:\/\/wp.sprachtherapie-duisburg.de\/aktuelles\/2023\/02\/stottern-ein-eisberg\/#breadcrumb","itemListElement":[{"@type":"ListItem","position":1,"name":"Startseite","item":"https:\/\/wp.sprachtherapie-duisburg.de\/aktuelles\/"},{"@type":"ListItem","position":2,"name":"Stottern &#8211; Stottermodifikation"}]},{"@type":"WebSite","@id":"https:\/\/wp.sprachtherapie-duisburg.de\/aktuelles\/#website","url":"https:\/\/wp.sprachtherapie-duisburg.de\/aktuelles\/","name":"LOGOP\u00c4DIE OEHM &amp; SOMMER","description":"Sprachtherapie in Duisburg und Dinslaken","publisher":{"@id":"https:\/\/wp.sprachtherapie-duisburg.de\/aktuelles\/#organization"},"potentialAction":[{"@type":"SearchAction","target":{"@type":"EntryPoint","urlTemplate":"https:\/\/wp.sprachtherapie-duisburg.de\/aktuelles\/?s={search_term_string}"},"query-input":{"@type":"PropertyValueSpecification","valueRequired":true,"valueName":"search_term_string"}}],"inLanguage":"de"},{"@type":"Organization","@id":"https:\/\/wp.sprachtherapie-duisburg.de\/aktuelles\/#organization","name":"Logop\u00e4die Oehm & Sommer","url":"https:\/\/wp.sprachtherapie-duisburg.de\/aktuelles\/","logo":{"@type":"ImageObject","inLanguage":"de","@id":"https:\/\/wp.sprachtherapie-duisburg.de\/aktuelles\/#\/schema\/logo\/image\/","url":"https:\/\/wp.sprachtherapie-duisburg.de\/wp-content\/uploads\/2021\/06\/Logo_2farbig_blau-gelb_aktuell-gespiegelt.png","contentUrl":"https:\/\/wp.sprachtherapie-duisburg.de\/wp-content\/uploads\/2021\/06\/Logo_2farbig_blau-gelb_aktuell-gespiegelt.png","width":1886,"height":613,"caption":"Logop\u00e4die Oehm & Sommer"},"image":{"@id":"https:\/\/wp.sprachtherapie-duisburg.de\/aktuelles\/#\/schema\/logo\/image\/"},"sameAs":["https:\/\/www.facebook.com\/logoos"]},{"@type":"Person","@id":"https:\/\/wp.sprachtherapie-duisburg.de\/aktuelles\/#\/schema\/person\/ba61ffba5ba6fd3613afbd21fecf58a5","name":"OS","image":{"@type":"ImageObject","inLanguage":"de","@id":"https:\/\/secure.gravatar.com\/avatar\/28bf7015ec790a2c2688fad9f5d25304b45823f76870e97e855432dd50efb2ec?s=96&d=mm&r=g","url":"https:\/\/secure.gravatar.com\/avatar\/28bf7015ec790a2c2688fad9f5d25304b45823f76870e97e855432dd50efb2ec?s=96&d=mm&r=g","contentUrl":"https:\/\/secure.gravatar.com\/avatar\/28bf7015ec790a2c2688fad9f5d25304b45823f76870e97e855432dd50efb2ec?s=96&d=mm&r=g","caption":"OS"},"sameAs":["https:\/\/wp.sprachtherapie-duisburg.de"]}]}},"jetpack_featured_media_url":"https:\/\/i0.wp.com\/wp.sprachtherapie-duisburg.de\/wp-content\/uploads\/2023\/03\/Pruess-Eisberg-scaled.jpg?fit=2560%2C1868&ssl=1","jetpack-related-posts":[{"id":1416,"url":"https:\/\/wp.sprachtherapie-duisburg.de\/aktuelles\/2024\/03\/stottern-fluency-shaping-2-teil-der-fortbildungsreihe\/","url_meta":{"origin":1292,"position":0},"title":"Stottern &#8211; Fluency Shaping (2. Teil der Fortbildungsreihe )","author":"OS","date":"2. M\u00e4rz 2024","format":false,"excerpt":"Bonner Stottertherapie von Holger Pr\u00fc\u00df Am Karnevals-Wochenende fand in unserem Seminarraum die Fortbildung Fluency Shaping nach dem Konzept der Bonner Stottertherapie nach Holger Pr\u00fc\u00df f\u00fcr \u00e4ltere Kinder, Jugendliche und Erwachsene mit Holger Pr\u00fc\u00df statt. Das Fluency Shaping ist ein strukturiertes Sprechen in Sinnabschnitten, mit weichen Stimmeins\u00e4tzen, prolongiertem Sprechen und leichten\u2026","rel":"","context":"In &quot;Beitr\u00e4ge&quot;","block_context":{"text":"Beitr\u00e4ge","link":"https:\/\/wp.sprachtherapie-duisburg.de\/aktuelles\/kategorie\/beitraege\/"},"img":{"alt_text":"","src":"","width":0,"height":0},"classes":[]},{"id":1360,"url":"https:\/\/wp.sprachtherapie-duisburg.de\/aktuelles\/2023\/11\/unsere-seminare-2024-ein-ausblick\/","url_meta":{"origin":1292,"position":1},"title":"Unsere Seminare 2024 &#8211; Ein Ausblick","author":"OS","date":"3. November 2023","format":false,"excerpt":"Am 10. und 11. Februar 2024 wird die Fortbildung Fluency Shaping mit Herrn Holger Pr\u00fcss (Bonner Stottertherapie) stattfinden. Es ist die (unabh\u00e4ngige) Folgeveranstaltung des Seminars Stottermodifikation im Rahmen der Bonner Stottertherapie von Holger Pr\u00fc\u00df. Im 5. Juli. 2024 wird Frau Aichlseder, Norderstedt, eine Fortbildung zum Thema Bindungsentwicklung und Bindungstherapie nach\u2026","rel":"","context":"In &quot;Beitr\u00e4ge&quot;","block_context":{"text":"Beitr\u00e4ge","link":"https:\/\/wp.sprachtherapie-duisburg.de\/aktuelles\/kategorie\/beitraege\/"},"img":{"alt_text":"","src":"","width":0,"height":0},"classes":[]},{"id":1314,"url":"https:\/\/wp.sprachtherapie-duisburg.de\/aktuelles\/2023\/04\/stottern-junger-kinder-im-alter-von-2-7-jahre\/","url_meta":{"origin":1292,"position":2},"title":"Stottern junger Kinder im Alter von 2-7 Jahren","author":"OS","date":"11. April 2023","format":false,"excerpt":"Redeflussst\u00f6rungen Stottern und Poltern geh\u00f6ren zu den h\u00e4ufigen chronischen Erkrankungen bei Kindern, Jugendlichen und Erwachsenen. Etwa drei Viertel des Stotterns liegt bereits im Kindergartenalter vor. Die Leitlinien Redeflussst\u00f6rungen (2016) weisen auf die gro\u00dfen Chancen auf eine weitgehende oder komplettes Nachlassen f\u00fcr Stottern bei einer ad\u00e4quaten Fr\u00fchtherapie hin. (Harris et al.\u2026","rel":"","context":"In &quot;Beitr\u00e4ge&quot;","block_context":{"text":"Beitr\u00e4ge","link":"https:\/\/wp.sprachtherapie-duisburg.de\/aktuelles\/kategorie\/beitraege\/"},"img":{"alt_text":"","src":"","width":0,"height":0},"classes":[]},{"id":1465,"url":"https:\/\/wp.sprachtherapie-duisburg.de\/aktuelles\/2024\/07\/bindung-als-basis-therapeutischen-handelns-seminar-von-sandra-aichlseder\/","url_meta":{"origin":1292,"position":3},"title":"Bindung als Basis therapeutischen Handelns: Seminar von Sandra Aichlseder","author":"OS","date":"7. Juli 2024","format":false,"excerpt":"Therapeutische Intervention und Entwicklungsauff\u00e4lligkeiten aus Bindungssicht Bindung ist das unsichtbare emotionale Band, das zwei Menschen \u00fcber Raumund Zeit sehr spezifisch miteinander verbindet (John Bowlby). Das Suchen einer spezifischen Bindungsperson nach der Geburt ist als genetische Bereitschaft angeboren und f\u00fcr den Menschen charakteristisch. Ein S\u00e4ugling entwickelt im Laufe des ersten Lebensjahres\u2026","rel":"","context":"In &quot;Beitr\u00e4ge&quot;","block_context":{"text":"Beitr\u00e4ge","link":"https:\/\/wp.sprachtherapie-duisburg.de\/aktuelles\/kategorie\/beitraege\/"},"img":{"alt_text":"","src":"https:\/\/i0.wp.com\/wp.sprachtherapie-duisburg.de\/wp-content\/uploads\/2024\/07\/Schiff-Aichlseder.png?fit=1196%2C684&ssl=1&resize=350%2C200","width":350,"height":200,"srcset":"https:\/\/i0.wp.com\/wp.sprachtherapie-duisburg.de\/wp-content\/uploads\/2024\/07\/Schiff-Aichlseder.png?fit=1196%2C684&ssl=1&resize=350%2C200 1x, https:\/\/i0.wp.com\/wp.sprachtherapie-duisburg.de\/wp-content\/uploads\/2024\/07\/Schiff-Aichlseder.png?fit=1196%2C684&ssl=1&resize=525%2C300 1.5x, https:\/\/i0.wp.com\/wp.sprachtherapie-duisburg.de\/wp-content\/uploads\/2024\/07\/Schiff-Aichlseder.png?fit=1196%2C684&ssl=1&resize=700%2C400 2x, https:\/\/i0.wp.com\/wp.sprachtherapie-duisburg.de\/wp-content\/uploads\/2024\/07\/Schiff-Aichlseder.png?fit=1196%2C684&ssl=1&resize=1050%2C600 3x"},"classes":[]},{"id":1618,"url":"https:\/\/wp.sprachtherapie-duisburg.de\/aktuelles\/2025\/08\/inhouse-seminar-von-der-fees-zur-therapie\/","url_meta":{"origin":1292,"position":4},"title":"Inhouse-Seminar: Von der FEES zur Therapie","author":"OS","date":"10. August 2025","format":false,"excerpt":"Als direkte Fortsetzung des Einf\u00fchrungskurses \u201eDiagnose und Therapie von neurogenen Schluckst\u00f6rungen\u201c am 04. und 05. April 2025 mit Seminarleiter Ulrich Birkmann\u00a0fand am 4.8.2025 der Aufbaukurs \"Von der FEES zur Therapie\" in unserem Seminarraum in Dinslaken-Eppinghoven statt. Kernthemen waren die notwendigen Hilfsmittel und deren Handhabung sowie zahlreiche praktische \u00dcbungen f\u00fcr die\u2026","rel":"","context":"In &quot;Beitr\u00e4ge&quot;","block_context":{"text":"Beitr\u00e4ge","link":"https:\/\/wp.sprachtherapie-duisburg.de\/aktuelles\/kategorie\/beitraege\/"},"img":{"alt_text":"Seminarleiter Ulrich Birkmann mit Praxisinhaberin Claudia Sommer","src":"https:\/\/i0.wp.com\/wp.sprachtherapie-duisburg.de\/wp-content\/uploads\/2025\/08\/IMG_0841-scaled.jpeg?fit=1200%2C675&ssl=1&resize=350%2C200","width":350,"height":200,"srcset":"https:\/\/i0.wp.com\/wp.sprachtherapie-duisburg.de\/wp-content\/uploads\/2025\/08\/IMG_0841-scaled.jpeg?fit=1200%2C675&ssl=1&resize=350%2C200 1x, https:\/\/i0.wp.com\/wp.sprachtherapie-duisburg.de\/wp-content\/uploads\/2025\/08\/IMG_0841-scaled.jpeg?fit=1200%2C675&ssl=1&resize=525%2C300 1.5x, https:\/\/i0.wp.com\/wp.sprachtherapie-duisburg.de\/wp-content\/uploads\/2025\/08\/IMG_0841-scaled.jpeg?fit=1200%2C675&ssl=1&resize=700%2C400 2x, https:\/\/i0.wp.com\/wp.sprachtherapie-duisburg.de\/wp-content\/uploads\/2025\/08\/IMG_0841-scaled.jpeg?fit=1200%2C675&ssl=1&resize=1050%2C600 3x"},"classes":[]},{"id":1548,"url":"https:\/\/wp.sprachtherapie-duisburg.de\/aktuelles\/2025\/04\/erfolgreiche-teilnahme-unserer-praxen-am-ersten-gesundheitstag-am-5-april-im-wasserschlosss-haus-wohnung-in-voerde\/","url_meta":{"origin":1292,"position":5},"title":"Erfolgreiche Teilnahme unserer Praxen am Ersten Gesundheitstag am 5. April im Wasserschlosss Haus Wohnung in Voerde.","author":"OS","date":"6. April 2025","format":false,"excerpt":"Unter dem Motto \u201eGut informiert\u201c startete der erste Tag rund um Gesundheit und ganzheitliche Versorgung im Gro\u00dfraum Voerde. Bei herrlichem Wetter in einer sch\u00f6nen Atmosph\u00e4re gab es nette Gespr\u00e4che und neue Kontakte. Ehemalige Patienten kamen auf ein Wiedersehen vorbei. Herzlichen Dank an Alle, die diesen Tag organisiert und unterst\u00fctzt haben.\u2026","rel":"","context":"In &quot;Beitr\u00e4ge&quot;","block_context":{"text":"Beitr\u00e4ge","link":"https:\/\/wp.sprachtherapie-duisburg.de\/aktuelles\/kategorie\/beitraege\/"},"img":{"alt_text":"","src":"https:\/\/i0.wp.com\/wp.sprachtherapie-duisburg.de\/wp-content\/uploads\/2025\/04\/Haus-Wohnung.jpeg?fit=900%2C1200&ssl=1&resize=350%2C200","width":350,"height":200,"srcset":"https:\/\/i0.wp.com\/wp.sprachtherapie-duisburg.de\/wp-content\/uploads\/2025\/04\/Haus-Wohnung.jpeg?fit=900%2C1200&ssl=1&resize=350%2C200 1x, https:\/\/i0.wp.com\/wp.sprachtherapie-duisburg.de\/wp-content\/uploads\/2025\/04\/Haus-Wohnung.jpeg?fit=900%2C1200&ssl=1&resize=525%2C300 1.5x, https:\/\/i0.wp.com\/wp.sprachtherapie-duisburg.de\/wp-content\/uploads\/2025\/04\/Haus-Wohnung.jpeg?fit=900%2C1200&ssl=1&resize=700%2C400 2x"},"classes":[]}],"jetpack_sharing_enabled":true,"_links":{"self":[{"href":"https:\/\/wp.sprachtherapie-duisburg.de\/aktuelles\/wp-json\/wp\/v2\/posts\/1292","targetHints":{"allow":["GET"]}}],"collection":[{"href":"https:\/\/wp.sprachtherapie-duisburg.de\/aktuelles\/wp-json\/wp\/v2\/posts"}],"about":[{"href":"https:\/\/wp.sprachtherapie-duisburg.de\/aktuelles\/wp-json\/wp\/v2\/types\/post"}],"author":[{"embeddable":true,"href":"https:\/\/wp.sprachtherapie-duisburg.de\/aktuelles\/wp-json\/wp\/v2\/users\/1"}],"replies":[{"embeddable":true,"href":"https:\/\/wp.sprachtherapie-duisburg.de\/aktuelles\/wp-json\/wp\/v2\/comments?post=1292"}],"version-history":[{"count":7,"href":"https:\/\/wp.sprachtherapie-duisburg.de\/aktuelles\/wp-json\/wp\/v2\/posts\/1292\/revisions"}],"predecessor-version":[{"id":1434,"href":"https:\/\/wp.sprachtherapie-duisburg.de\/aktuelles\/wp-json\/wp\/v2\/posts\/1292\/revisions\/1434"}],"wp:featuredmedia":[{"embeddable":true,"href":"https:\/\/wp.sprachtherapie-duisburg.de\/aktuelles\/wp-json\/wp\/v2\/media\/1293"}],"wp:attachment":[{"href":"https:\/\/wp.sprachtherapie-duisburg.de\/aktuelles\/wp-json\/wp\/v2\/media?parent=1292"}],"wp:term":[{"taxonomy":"category","embeddable":true,"href":"https:\/\/wp.sprachtherapie-duisburg.de\/aktuelles\/wp-json\/wp\/v2\/categories?post=1292"},{"taxonomy":"post_tag","embeddable":true,"href":"https:\/\/wp.sprachtherapie-duisburg.de\/aktuelles\/wp-json\/wp\/v2\/tags?post=1292"}],"curies":[{"name":"wp","href":"https:\/\/api.w.org\/{rel}","templated":true}]}}