{"id":1314,"date":"2023-04-11T11:34:29","date_gmt":"2023-04-11T09:34:29","guid":{"rendered":"https:\/\/wp.sprachtherapie-duisburg.de\/aktuelles\/?p=1314"},"modified":"2024-04-13T13:34:12","modified_gmt":"2024-04-13T11:34:12","slug":"stottern-junger-kinder-im-alter-von-2-7-jahre","status":"publish","type":"post","link":"https:\/\/wp.sprachtherapie-duisburg.de\/aktuelles\/2023\/04\/stottern-junger-kinder-im-alter-von-2-7-jahre\/","title":{"rendered":"Stottern junger Kinder im Alter von 2-7 Jahren"},"content":{"rendered":"\n<p class=\"wp-block-paragraph\"><\/p>\n\n\n\n<p class=\"wp-block-paragraph\">Redeflussst\u00f6rungen Stottern und Poltern geh\u00f6ren zu den h\u00e4ufigen chronischen Erkrankungen bei Kindern, Jugendlichen und Erwachsenen. Etwa drei Viertel des Stotterns liegt bereits im Kindergartenalter vor.<\/p>\n\n\n\n<p class=\"wp-block-paragraph\">Die Leitlinien Redeflussst\u00f6rungen (2016) weisen auf die gro\u00dfen Chancen auf eine weitgehende oder komplettes Nachlassen f\u00fcr Stottern bei einer <strong>ad\u00e4quaten Fr\u00fchtherapie <\/strong>hin. (Harris et al. 2002, Jones et al. 2005, Lattermann et al. 2008, Yairi &amp; Ambrose 2005).<\/p>\n\n\n\n<p class=\"wp-block-paragraph\"><strong>Die \u201eSchatzkiste Stottern\u201c  &#8211; Mit Nili und L\u00e4mmli unterwegs zur Sprechfl\u00fcssigkeit von Claudia Sven und Bernd Hansen ist ein Therapiekonzept f\u00fcr die fr\u00fche Therapie f\u00fcr Kinder mit Stottersymptomatik im Alter von 2-7 Jahren.<\/strong><\/p>\n\n\n\n<p class=\"wp-block-paragraph\">Kinder mit einer Stottersymptomatik zeigen auch fl\u00fcssiges Sprechen. In der Therapie soll das Kind die vorhandene Sprechfl\u00fcssigkeit entdecken und vielf\u00e4ltige Erfahrungen damit machen. Es erf\u00e4hrt, was es sprachlich schafft, und wie es mit vorhandenen Symptomen umgehen kann. Dabei soll einer Tabuisierung vorgebeugt und eine Chronifizierung verhindert werden.<\/p>\n\n\n\n<p class=\"wp-block-paragraph\">Mit der Fortbildung \u201eBausteine der Fr\u00fchtherapie mit stotternden Kindern\u201c haben sich zwei Therapeutinnen mit diesem Therapieansatz vertraut gemacht und bieten entsprechende Therapiepl\u00e4tze an.<\/p>\n","protected":false},"excerpt":{"rendered":"<p>Redeflussst\u00f6rungen Stottern und Poltern geh\u00f6ren zu den h\u00e4ufigen chronischen Erkrankungen bei Kindern, Jugendlichen und Erwachsenen. Etwa drei Viertel des Stotterns liegt bereits im Kindergartenalter vor. Die Leitlinien Redeflussst\u00f6rungen (2016) weisen auf die gro\u00dfen Chancen auf eine weitgehende oder komplettes Nachlassen f\u00fcr Stottern bei einer ad\u00e4quaten Fr\u00fchtherapie hin. (Harris et al. 2002, Jones et al. 2005,&#8230;<\/p>\n","protected":false},"author":3,"featured_media":0,"comment_status":"closed","ping_status":"closed","sticky":false,"template":"","format":"standard","meta":{"_crdt_document":"","_themeisle_gutenberg_block_has_review":false,"_jetpack_memberships_contains_paid_content":false,"footnotes":""},"categories":[23],"tags":[47,40,45,46,39],"class_list":["post-1314","post","type-post","status-publish","format-standard","hentry","category-beitraege","tag-bonner-stottertherapie","tag-chronisch","tag-fluency-shaping","tag-holger-pruess","tag-redeflussstoerungen"],"acf":[],"yoast_head":"<!-- This site is optimized with the Yoast SEO plugin v27.4 - https:\/\/yoast.com\/product\/yoast-seo-wordpress\/ -->\n<title>Stottern junger Kinder im Alter von 2-7 Jahren<\/title>\n<meta name=\"description\" content=\"Redeflussst\u00f6rungen Stottern und Poltern geh\u00f6ren zu den h\u00e4ufigen chronischen Erkrankungen bei Kindern, Jugendlichen und Erwachsenen.\" \/>\n<meta name=\"robots\" content=\"index, follow, max-snippet:-1, max-image-preview:large, max-video-preview:-1\" \/>\n<link rel=\"canonical\" href=\"https:\/\/wp.sprachtherapie-duisburg.de\/aktuelles\/2023\/04\/stottern-junger-kinder-im-alter-von-2-7-jahre\/\" \/>\n<meta property=\"og:locale\" content=\"de_DE\" \/>\n<meta property=\"og:type\" content=\"article\" \/>\n<meta property=\"og:title\" content=\"Stottern junger Kinder im Alter von 2-7 Jahren\" \/>\n<meta property=\"og:description\" content=\"Redeflussst\u00f6rungen Stottern und Poltern geh\u00f6ren zu den h\u00e4ufigen chronischen Erkrankungen bei Kindern, Jugendlichen und Erwachsenen.\" \/>\n<meta property=\"og:url\" content=\"https:\/\/wp.sprachtherapie-duisburg.de\/aktuelles\/2023\/04\/stottern-junger-kinder-im-alter-von-2-7-jahre\/\" \/>\n<meta property=\"og:site_name\" content=\"LOGOP\u00c4DIE OEHM &amp; SOMMER\" \/>\n<meta property=\"article:publisher\" content=\"https:\/\/www.facebook.com\/logoos\" \/>\n<meta property=\"article:published_time\" content=\"2023-04-11T09:34:29+00:00\" \/>\n<meta property=\"article:modified_time\" content=\"2024-04-13T11:34:12+00:00\" \/>\n<meta name=\"author\" content=\"OS\" \/>\n<meta name=\"twitter:card\" content=\"summary_large_image\" \/>\n<meta name=\"twitter:label1\" content=\"Verfasst von\" \/>\n\t<meta name=\"twitter:data1\" content=\"OS\" \/>\n\t<meta name=\"twitter:label2\" content=\"Gesch\u00e4tzte Lesezeit\" \/>\n\t<meta name=\"twitter:data2\" content=\"1\u00a0Minute\" \/>\n<script type=\"application\/ld+json\" class=\"yoast-schema-graph\">{\"@context\":\"https:\\\/\\\/schema.org\",\"@graph\":[{\"@type\":\"NewsArticle\",\"@id\":\"https:\\\/\\\/wp.sprachtherapie-duisburg.de\\\/aktuelles\\\/2023\\\/04\\\/stottern-junger-kinder-im-alter-von-2-7-jahre\\\/#article\",\"isPartOf\":{\"@id\":\"https:\\\/\\\/wp.sprachtherapie-duisburg.de\\\/aktuelles\\\/2023\\\/04\\\/stottern-junger-kinder-im-alter-von-2-7-jahre\\\/\"},\"author\":{\"name\":\"OS\",\"@id\":\"https:\\\/\\\/wp.sprachtherapie-duisburg.de\\\/aktuelles\\\/#\\\/schema\\\/person\\\/07e40333ffc16068a3a41006d2991457\"},\"headline\":\"Stottern junger Kinder im Alter von 2-7 Jahren\",\"datePublished\":\"2023-04-11T09:34:29+00:00\",\"dateModified\":\"2024-04-13T11:34:12+00:00\",\"mainEntityOfPage\":{\"@id\":\"https:\\\/\\\/wp.sprachtherapie-duisburg.de\\\/aktuelles\\\/2023\\\/04\\\/stottern-junger-kinder-im-alter-von-2-7-jahre\\\/\"},\"wordCount\":188,\"publisher\":{\"@id\":\"https:\\\/\\\/wp.sprachtherapie-duisburg.de\\\/aktuelles\\\/#organization\"},\"keywords\":[\"Bonner Stottertherapie\",\"chronisch\",\"Fluency Shaping\",\"Holger Pr\u00fc\u00df\",\"redeflussst\u00f6rungen\"],\"articleSection\":[\"Beitr\u00e4ge\"],\"inLanguage\":\"de\"},{\"@type\":[\"WebPage\",\"MedicalWebPage\"],\"@id\":\"https:\\\/\\\/wp.sprachtherapie-duisburg.de\\\/aktuelles\\\/2023\\\/04\\\/stottern-junger-kinder-im-alter-von-2-7-jahre\\\/\",\"url\":\"https:\\\/\\\/wp.sprachtherapie-duisburg.de\\\/aktuelles\\\/2023\\\/04\\\/stottern-junger-kinder-im-alter-von-2-7-jahre\\\/\",\"name\":\"Stottern junger Kinder im Alter von 2-7 Jahren\",\"isPartOf\":{\"@id\":\"https:\\\/\\\/wp.sprachtherapie-duisburg.de\\\/aktuelles\\\/#website\"},\"datePublished\":\"2023-04-11T09:34:29+00:00\",\"dateModified\":\"2024-04-13T11:34:12+00:00\",\"description\":\"Redeflussst\u00f6rungen Stottern und Poltern geh\u00f6ren zu den h\u00e4ufigen chronischen Erkrankungen bei Kindern, Jugendlichen und Erwachsenen.\",\"breadcrumb\":{\"@id\":\"https:\\\/\\\/wp.sprachtherapie-duisburg.de\\\/aktuelles\\\/2023\\\/04\\\/stottern-junger-kinder-im-alter-von-2-7-jahre\\\/#breadcrumb\"},\"inLanguage\":\"de\",\"potentialAction\":[{\"@type\":\"ReadAction\",\"target\":[\"https:\\\/\\\/wp.sprachtherapie-duisburg.de\\\/aktuelles\\\/2023\\\/04\\\/stottern-junger-kinder-im-alter-von-2-7-jahre\\\/\"]}]},{\"@type\":\"BreadcrumbList\",\"@id\":\"https:\\\/\\\/wp.sprachtherapie-duisburg.de\\\/aktuelles\\\/2023\\\/04\\\/stottern-junger-kinder-im-alter-von-2-7-jahre\\\/#breadcrumb\",\"itemListElement\":[{\"@type\":\"ListItem\",\"position\":1,\"name\":\"Startseite\",\"item\":\"https:\\\/\\\/wp.sprachtherapie-duisburg.de\\\/aktuelles\\\/\"},{\"@type\":\"ListItem\",\"position\":2,\"name\":\"Stottern junger Kinder im Alter von 2-7 Jahren\"}]},{\"@type\":\"WebSite\",\"@id\":\"https:\\\/\\\/wp.sprachtherapie-duisburg.de\\\/aktuelles\\\/#website\",\"url\":\"https:\\\/\\\/wp.sprachtherapie-duisburg.de\\\/aktuelles\\\/\",\"name\":\"LOGOP\u00c4DIE OEHM &amp; SOMMER\",\"description\":\"Sprachtherapie in Duisburg und Dinslaken\",\"publisher\":{\"@id\":\"https:\\\/\\\/wp.sprachtherapie-duisburg.de\\\/aktuelles\\\/#organization\"},\"potentialAction\":[{\"@type\":\"SearchAction\",\"target\":{\"@type\":\"EntryPoint\",\"urlTemplate\":\"https:\\\/\\\/wp.sprachtherapie-duisburg.de\\\/aktuelles\\\/?s={search_term_string}\"},\"query-input\":{\"@type\":\"PropertyValueSpecification\",\"valueRequired\":true,\"valueName\":\"search_term_string\"}}],\"inLanguage\":\"de\"},{\"@type\":\"Organization\",\"@id\":\"https:\\\/\\\/wp.sprachtherapie-duisburg.de\\\/aktuelles\\\/#organization\",\"name\":\"Logop\u00e4die Oehm & Sommer\",\"url\":\"https:\\\/\\\/wp.sprachtherapie-duisburg.de\\\/aktuelles\\\/\",\"logo\":{\"@type\":\"ImageObject\",\"inLanguage\":\"de\",\"@id\":\"https:\\\/\\\/wp.sprachtherapie-duisburg.de\\\/aktuelles\\\/#\\\/schema\\\/logo\\\/image\\\/\",\"url\":\"https:\\\/\\\/wp.sprachtherapie-duisburg.de\\\/wp-content\\\/uploads\\\/2021\\\/06\\\/Logo_2farbig_blau-gelb_aktuell-gespiegelt.png\",\"contentUrl\":\"https:\\\/\\\/wp.sprachtherapie-duisburg.de\\\/wp-content\\\/uploads\\\/2021\\\/06\\\/Logo_2farbig_blau-gelb_aktuell-gespiegelt.png\",\"width\":1886,\"height\":613,\"caption\":\"Logop\u00e4die Oehm & Sommer\"},\"image\":{\"@id\":\"https:\\\/\\\/wp.sprachtherapie-duisburg.de\\\/aktuelles\\\/#\\\/schema\\\/logo\\\/image\\\/\"},\"sameAs\":[\"https:\\\/\\\/www.facebook.com\\\/logoos\"]},{\"@type\":\"Person\",\"@id\":\"https:\\\/\\\/wp.sprachtherapie-duisburg.de\\\/aktuelles\\\/#\\\/schema\\\/person\\\/07e40333ffc16068a3a41006d2991457\",\"name\":\"OS\",\"image\":{\"@type\":\"ImageObject\",\"inLanguage\":\"de\",\"@id\":\"https:\\\/\\\/secure.gravatar.com\\\/avatar\\\/94af1e148fa4492b70da7b958abcf59191bdc9bde7e028ded5481e6ac1bf9d7e?s=96&d=mm&r=g\",\"url\":\"https:\\\/\\\/secure.gravatar.com\\\/avatar\\\/94af1e148fa4492b70da7b958abcf59191bdc9bde7e028ded5481e6ac1bf9d7e?s=96&d=mm&r=g\",\"contentUrl\":\"https:\\\/\\\/secure.gravatar.com\\\/avatar\\\/94af1e148fa4492b70da7b958abcf59191bdc9bde7e028ded5481e6ac1bf9d7e?s=96&d=mm&r=g\",\"caption\":\"OS\"}}]}<\/script>\n<!-- \/ Yoast SEO plugin. -->","yoast_head_json":{"title":"Stottern junger Kinder im Alter von 2-7 Jahren","description":"Redeflussst\u00f6rungen Stottern und Poltern geh\u00f6ren zu den h\u00e4ufigen chronischen Erkrankungen bei Kindern, Jugendlichen und Erwachsenen.","robots":{"index":"index","follow":"follow","max-snippet":"max-snippet:-1","max-image-preview":"max-image-preview:large","max-video-preview":"max-video-preview:-1"},"canonical":"https:\/\/wp.sprachtherapie-duisburg.de\/aktuelles\/2023\/04\/stottern-junger-kinder-im-alter-von-2-7-jahre\/","og_locale":"de_DE","og_type":"article","og_title":"Stottern junger Kinder im Alter von 2-7 Jahren","og_description":"Redeflussst\u00f6rungen Stottern und Poltern geh\u00f6ren zu den h\u00e4ufigen chronischen Erkrankungen bei Kindern, Jugendlichen und Erwachsenen.","og_url":"https:\/\/wp.sprachtherapie-duisburg.de\/aktuelles\/2023\/04\/stottern-junger-kinder-im-alter-von-2-7-jahre\/","og_site_name":"LOGOP\u00c4DIE OEHM &amp; SOMMER","article_publisher":"https:\/\/www.facebook.com\/logoos","article_published_time":"2023-04-11T09:34:29+00:00","article_modified_time":"2024-04-13T11:34:12+00:00","author":"OS","twitter_card":"summary_large_image","twitter_misc":{"Verfasst von":"OS","Gesch\u00e4tzte Lesezeit":"1\u00a0Minute"},"schema":{"@context":"https:\/\/schema.org","@graph":[{"@type":"NewsArticle","@id":"https:\/\/wp.sprachtherapie-duisburg.de\/aktuelles\/2023\/04\/stottern-junger-kinder-im-alter-von-2-7-jahre\/#article","isPartOf":{"@id":"https:\/\/wp.sprachtherapie-duisburg.de\/aktuelles\/2023\/04\/stottern-junger-kinder-im-alter-von-2-7-jahre\/"},"author":{"name":"OS","@id":"https:\/\/wp.sprachtherapie-duisburg.de\/aktuelles\/#\/schema\/person\/07e40333ffc16068a3a41006d2991457"},"headline":"Stottern junger Kinder im Alter von 2-7 Jahren","datePublished":"2023-04-11T09:34:29+00:00","dateModified":"2024-04-13T11:34:12+00:00","mainEntityOfPage":{"@id":"https:\/\/wp.sprachtherapie-duisburg.de\/aktuelles\/2023\/04\/stottern-junger-kinder-im-alter-von-2-7-jahre\/"},"wordCount":188,"publisher":{"@id":"https:\/\/wp.sprachtherapie-duisburg.de\/aktuelles\/#organization"},"keywords":["Bonner Stottertherapie","chronisch","Fluency Shaping","Holger Pr\u00fc\u00df","redeflussst\u00f6rungen"],"articleSection":["Beitr\u00e4ge"],"inLanguage":"de"},{"@type":["WebPage","MedicalWebPage"],"@id":"https:\/\/wp.sprachtherapie-duisburg.de\/aktuelles\/2023\/04\/stottern-junger-kinder-im-alter-von-2-7-jahre\/","url":"https:\/\/wp.sprachtherapie-duisburg.de\/aktuelles\/2023\/04\/stottern-junger-kinder-im-alter-von-2-7-jahre\/","name":"Stottern junger Kinder im Alter von 2-7 Jahren","isPartOf":{"@id":"https:\/\/wp.sprachtherapie-duisburg.de\/aktuelles\/#website"},"datePublished":"2023-04-11T09:34:29+00:00","dateModified":"2024-04-13T11:34:12+00:00","description":"Redeflussst\u00f6rungen Stottern und Poltern geh\u00f6ren zu den h\u00e4ufigen chronischen Erkrankungen bei Kindern, Jugendlichen und Erwachsenen.","breadcrumb":{"@id":"https:\/\/wp.sprachtherapie-duisburg.de\/aktuelles\/2023\/04\/stottern-junger-kinder-im-alter-von-2-7-jahre\/#breadcrumb"},"inLanguage":"de","potentialAction":[{"@type":"ReadAction","target":["https:\/\/wp.sprachtherapie-duisburg.de\/aktuelles\/2023\/04\/stottern-junger-kinder-im-alter-von-2-7-jahre\/"]}]},{"@type":"BreadcrumbList","@id":"https:\/\/wp.sprachtherapie-duisburg.de\/aktuelles\/2023\/04\/stottern-junger-kinder-im-alter-von-2-7-jahre\/#breadcrumb","itemListElement":[{"@type":"ListItem","position":1,"name":"Startseite","item":"https:\/\/wp.sprachtherapie-duisburg.de\/aktuelles\/"},{"@type":"ListItem","position":2,"name":"Stottern junger Kinder im Alter von 2-7 Jahren"}]},{"@type":"WebSite","@id":"https:\/\/wp.sprachtherapie-duisburg.de\/aktuelles\/#website","url":"https:\/\/wp.sprachtherapie-duisburg.de\/aktuelles\/","name":"LOGOP\u00c4DIE OEHM &amp; SOMMER","description":"Sprachtherapie in Duisburg und Dinslaken","publisher":{"@id":"https:\/\/wp.sprachtherapie-duisburg.de\/aktuelles\/#organization"},"potentialAction":[{"@type":"SearchAction","target":{"@type":"EntryPoint","urlTemplate":"https:\/\/wp.sprachtherapie-duisburg.de\/aktuelles\/?s={search_term_string}"},"query-input":{"@type":"PropertyValueSpecification","valueRequired":true,"valueName":"search_term_string"}}],"inLanguage":"de"},{"@type":"Organization","@id":"https:\/\/wp.sprachtherapie-duisburg.de\/aktuelles\/#organization","name":"Logop\u00e4die Oehm & Sommer","url":"https:\/\/wp.sprachtherapie-duisburg.de\/aktuelles\/","logo":{"@type":"ImageObject","inLanguage":"de","@id":"https:\/\/wp.sprachtherapie-duisburg.de\/aktuelles\/#\/schema\/logo\/image\/","url":"https:\/\/wp.sprachtherapie-duisburg.de\/wp-content\/uploads\/2021\/06\/Logo_2farbig_blau-gelb_aktuell-gespiegelt.png","contentUrl":"https:\/\/wp.sprachtherapie-duisburg.de\/wp-content\/uploads\/2021\/06\/Logo_2farbig_blau-gelb_aktuell-gespiegelt.png","width":1886,"height":613,"caption":"Logop\u00e4die Oehm & Sommer"},"image":{"@id":"https:\/\/wp.sprachtherapie-duisburg.de\/aktuelles\/#\/schema\/logo\/image\/"},"sameAs":["https:\/\/www.facebook.com\/logoos"]},{"@type":"Person","@id":"https:\/\/wp.sprachtherapie-duisburg.de\/aktuelles\/#\/schema\/person\/07e40333ffc16068a3a41006d2991457","name":"OS","image":{"@type":"ImageObject","inLanguage":"de","@id":"https:\/\/secure.gravatar.com\/avatar\/94af1e148fa4492b70da7b958abcf59191bdc9bde7e028ded5481e6ac1bf9d7e?s=96&d=mm&r=g","url":"https:\/\/secure.gravatar.com\/avatar\/94af1e148fa4492b70da7b958abcf59191bdc9bde7e028ded5481e6ac1bf9d7e?s=96&d=mm&r=g","contentUrl":"https:\/\/secure.gravatar.com\/avatar\/94af1e148fa4492b70da7b958abcf59191bdc9bde7e028ded5481e6ac1bf9d7e?s=96&d=mm&r=g","caption":"OS"}}]}},"jetpack_featured_media_url":"","jetpack-related-posts":[{"id":1416,"url":"https:\/\/wp.sprachtherapie-duisburg.de\/aktuelles\/2024\/03\/stottern-fluency-shaping-2-teil-der-fortbildungsreihe\/","url_meta":{"origin":1314,"position":0},"title":"Stottern &#8211; Fluency Shaping (2. Teil der Fortbildungsreihe )","author":"OS","date":"2. M\u00e4rz 2024","format":false,"excerpt":"Bonner Stottertherapie von Holger Pr\u00fc\u00df Am Karnevals-Wochenende fand in unserem Seminarraum die Fortbildung Fluency Shaping nach dem Konzept der Bonner Stottertherapie nach Holger Pr\u00fc\u00df f\u00fcr \u00e4ltere Kinder, Jugendliche und Erwachsene mit Holger Pr\u00fc\u00df statt. Das Fluency Shaping ist ein strukturiertes Sprechen in Sinnabschnitten, mit weichen Stimmeins\u00e4tzen, prolongiertem Sprechen und leichten\u2026","rel":"","context":"In &quot;Beitr\u00e4ge&quot;","block_context":{"text":"Beitr\u00e4ge","link":"https:\/\/wp.sprachtherapie-duisburg.de\/aktuelles\/kategorie\/beitraege\/"},"img":{"alt_text":"","src":"","width":0,"height":0},"classes":[]},{"id":1292,"url":"https:\/\/wp.sprachtherapie-duisburg.de\/aktuelles\/2023\/02\/stottern-ein-eisberg\/","url_meta":{"origin":1314,"position":1},"title":"Stottern &#8211; Stottermodifikation","author":"OS","date":"20. Februar 2023","format":false,"excerpt":"Bonner Stottertherapie von Holger Pr\u00fc\u00df Zuk\u00fcnftig bieten wir die erfolgreiche Bonner Stottertherapie als ambulante Therapieform in unseren Praxen an. Daf\u00fcr haben wir Herrn Volker Pr\u00fc\u00df eingeladen, der als Selbstbetroffener die Bonner Stottertherapie entwickelt hat und uns in einer 2-teiligen Fortbildungsreihe in unseren Fortbildungsr\u00e4umen unserer Praxis in Dinslaken-Eppinghoven mit diesem erfolgreichen\u2026","rel":"","context":"In &quot;Beitr\u00e4ge&quot;","block_context":{"text":"Beitr\u00e4ge","link":"https:\/\/wp.sprachtherapie-duisburg.de\/aktuelles\/kategorie\/beitraege\/"},"img":{"alt_text":"Fortbildung Bonner Stottertherapie mit Volker Pr\u00fc\u00df","src":"https:\/\/i0.wp.com\/wp.sprachtherapie-duisburg.de\/wp-content\/uploads\/2023\/03\/Pruess-Eisberg-scaled.jpg?fit=1200%2C876&ssl=1&resize=350%2C200","width":350,"height":200,"srcset":"https:\/\/i0.wp.com\/wp.sprachtherapie-duisburg.de\/wp-content\/uploads\/2023\/03\/Pruess-Eisberg-scaled.jpg?fit=1200%2C876&ssl=1&resize=350%2C200 1x, https:\/\/i0.wp.com\/wp.sprachtherapie-duisburg.de\/wp-content\/uploads\/2023\/03\/Pruess-Eisberg-scaled.jpg?fit=1200%2C876&ssl=1&resize=525%2C300 1.5x, https:\/\/i0.wp.com\/wp.sprachtherapie-duisburg.de\/wp-content\/uploads\/2023\/03\/Pruess-Eisberg-scaled.jpg?fit=1200%2C876&ssl=1&resize=700%2C400 2x, https:\/\/i0.wp.com\/wp.sprachtherapie-duisburg.de\/wp-content\/uploads\/2023\/03\/Pruess-Eisberg-scaled.jpg?fit=1200%2C876&ssl=1&resize=1050%2C600 3x"},"classes":[]},{"id":1360,"url":"https:\/\/wp.sprachtherapie-duisburg.de\/aktuelles\/2023\/11\/unsere-seminare-2024-ein-ausblick\/","url_meta":{"origin":1314,"position":2},"title":"Unsere Seminare 2024 &#8211; Ein Ausblick","author":"OS","date":"3. November 2023","format":false,"excerpt":"Am 10. und 11. Februar 2024 wird die Fortbildung Fluency Shaping mit Herrn Holger Pr\u00fcss (Bonner Stottertherapie) stattfinden. Es ist die (unabh\u00e4ngige) Folgeveranstaltung des Seminars Stottermodifikation im Rahmen der Bonner Stottertherapie von Holger Pr\u00fc\u00df. Im 5. Juli. 2024 wird Frau Aichlseder, Norderstedt, eine Fortbildung zum Thema Bindungsentwicklung und Bindungstherapie nach\u2026","rel":"","context":"In &quot;Beitr\u00e4ge&quot;","block_context":{"text":"Beitr\u00e4ge","link":"https:\/\/wp.sprachtherapie-duisburg.de\/aktuelles\/kategorie\/beitraege\/"},"img":{"alt_text":"","src":"","width":0,"height":0},"classes":[]},{"id":1354,"url":"https:\/\/wp.sprachtherapie-duisburg.de\/aktuelles\/2023\/07\/seminar-mutismus-praxisbezogene-mutismus-therapie-in-anlehnung-an-symut-juli-2023\/","url_meta":{"origin":1314,"position":3},"title":"Seminar Mutismus &#8211; Praxisbezogene Mutismus-Therapie in Anlehnung an SYMUT\u00ae  &#8211; Juli 2023","author":"OS","date":"23. Juli 2023","format":false,"excerpt":"Elektiver Mutismus nach ICD-10 F94.0 Dieser ist durch eine deutliche emotional bedingte Selektivit\u00e4t des Sprechens charakterisiert, so dass ein Kind in einigen Situationen spricht, in anderen definierbaren Situationen jedoch nicht. Diese St\u00f6rung ist \u00fcblicherweise mit besonderen Pers\u00f6nlichkeitsmerkmalen wie Sozialangst, R\u00fcckzug, Empfindsamkeit oder Widerstand verbunden. In unserem 2-t\u00e4gigen Seminar im Juli\u2026","rel":"","context":"In &quot;Beitr\u00e4ge&quot;","block_context":{"text":"Beitr\u00e4ge","link":"https:\/\/wp.sprachtherapie-duisburg.de\/aktuelles\/kategorie\/beitraege\/"},"img":{"alt_text":"","src":"https:\/\/i0.wp.com\/wp.sprachtherapie-duisburg.de\/wp-content\/uploads\/2023\/11\/Smiliey-ohne-Mund.png?fit=474%2C248&ssl=1&resize=350%2C200","width":350,"height":200},"classes":[]},{"id":1101,"url":"https:\/\/wp.sprachtherapie-duisburg.de\/aktuelles\/2022\/07\/fortbildung-zum-thema-therapie-von-lesestoerungen\/","url_meta":{"origin":1314,"position":4},"title":"Fortbildung zum Thema Therapie von Lesest\u00f6rungen","author":"OS","date":"5. Juli 2022","format":false,"excerpt":"Am 4. Juli hat Herr Dipl.Ing. T. Barner vom Institut f\u00fcr Soziale P\u00e4diatrie und Jugendmedizin (M\u00fcnchen) das gesamte Therapeuten-Team zum Thema Therapie von Lesest\u00f6rungen nach der Methode von Prof. R. Werth auf den aktuellsten wissenschaftlichen Stand gebracht. Er referierte \u00fcber Ursachen, Diagnose- und Therapiem\u00f6glichkeiten von Lesest\u00f6rungen f\u00fcr betroffene Kinder und\u2026","rel":"","context":"In &quot;Beitr\u00e4ge&quot;","block_context":{"text":"Beitr\u00e4ge","link":"https:\/\/wp.sprachtherapie-duisburg.de\/aktuelles\/kategorie\/beitraege\/"},"img":{"alt_text":"","src":"","width":0,"height":0},"classes":[]},{"id":834,"url":"https:\/\/wp.sprachtherapie-duisburg.de\/aktuelles\/2022\/04\/unsere-kinder-haben-zum-thema-frieden-gemalt\/","url_meta":{"origin":1314,"position":5},"title":"Unsere Therapiekinder haben zum Thema Frieden gemalt","author":"OS","date":"9. April 2022","format":false,"excerpt":"Alle Bilder h\u00e4ngen nun zun\u00e4chst in in unserer Praxis in der Holsteiner Stra\u00dfe aus. Sp\u00e4ter sollen sie auch in unseren anderen Praxen ausgestellt werden. Wir waren v\u00f6llig \u00fcberw\u00e4ltigt von der Resonanz unserer kleinen und gro\u00dfen K\u00fcnstler, die das Thema Frieden offenbar sehr bewegt. Vielen Dank an alle unsere K\u00fcnstler","rel":"","context":"In &quot;Beitr\u00e4ge&quot;","block_context":{"text":"Beitr\u00e4ge","link":"https:\/\/wp.sprachtherapie-duisburg.de\/aktuelles\/kategorie\/beitraege\/"},"img":{"alt_text":"","src":"https:\/\/i0.wp.com\/wp.sprachtherapie-duisburg.de\/wp-content\/uploads\/2022\/04\/image-20220704-172735.jpeg?fit=900%2C1200&ssl=1&resize=350%2C200","width":350,"height":200,"srcset":"https:\/\/i0.wp.com\/wp.sprachtherapie-duisburg.de\/wp-content\/uploads\/2022\/04\/image-20220704-172735.jpeg?fit=900%2C1200&ssl=1&resize=350%2C200 1x, https:\/\/i0.wp.com\/wp.sprachtherapie-duisburg.de\/wp-content\/uploads\/2022\/04\/image-20220704-172735.jpeg?fit=900%2C1200&ssl=1&resize=525%2C300 1.5x, https:\/\/i0.wp.com\/wp.sprachtherapie-duisburg.de\/wp-content\/uploads\/2022\/04\/image-20220704-172735.jpeg?fit=900%2C1200&ssl=1&resize=700%2C400 2x"},"classes":[]}],"jetpack_sharing_enabled":true,"_links":{"self":[{"href":"https:\/\/wp.sprachtherapie-duisburg.de\/aktuelles\/wp-json\/wp\/v2\/posts\/1314","targetHints":{"allow":["GET"]}}],"collection":[{"href":"https:\/\/wp.sprachtherapie-duisburg.de\/aktuelles\/wp-json\/wp\/v2\/posts"}],"about":[{"href":"https:\/\/wp.sprachtherapie-duisburg.de\/aktuelles\/wp-json\/wp\/v2\/types\/post"}],"author":[{"embeddable":true,"href":"https:\/\/wp.sprachtherapie-duisburg.de\/aktuelles\/wp-json\/wp\/v2\/users\/3"}],"replies":[{"embeddable":true,"href":"https:\/\/wp.sprachtherapie-duisburg.de\/aktuelles\/wp-json\/wp\/v2\/comments?post=1314"}],"version-history":[{"count":3,"href":"https:\/\/wp.sprachtherapie-duisburg.de\/aktuelles\/wp-json\/wp\/v2\/posts\/1314\/revisions"}],"predecessor-version":[{"id":1321,"href":"https:\/\/wp.sprachtherapie-duisburg.de\/aktuelles\/wp-json\/wp\/v2\/posts\/1314\/revisions\/1321"}],"wp:attachment":[{"href":"https:\/\/wp.sprachtherapie-duisburg.de\/aktuelles\/wp-json\/wp\/v2\/media?parent=1314"}],"wp:term":[{"taxonomy":"category","embeddable":true,"href":"https:\/\/wp.sprachtherapie-duisburg.de\/aktuelles\/wp-json\/wp\/v2\/categories?post=1314"},{"taxonomy":"post_tag","embeddable":true,"href":"https:\/\/wp.sprachtherapie-duisburg.de\/aktuelles\/wp-json\/wp\/v2\/tags?post=1314"}],"curies":[{"name":"wp","href":"https:\/\/api.w.org\/{rel}","templated":true}]}}