{"id":1416,"date":"2024-03-02T08:16:00","date_gmt":"2024-03-02T07:16:00","guid":{"rendered":"https:\/\/wp.sprachtherapie-duisburg.de\/aktuelles\/?p=1416"},"modified":"2024-03-18T08:22:46","modified_gmt":"2024-03-18T07:22:46","slug":"stottern-fluency-shaping-2-teil-der-fortbildungsreihe","status":"publish","type":"post","link":"https:\/\/wp.sprachtherapie-duisburg.de\/aktuelles\/2024\/03\/stottern-fluency-shaping-2-teil-der-fortbildungsreihe\/","title":{"rendered":"Stottern &#8211; Fluency Shaping (2. Teil der Fortbildungsreihe )"},"content":{"rendered":"\n<p class=\"wp-block-paragraph\"><\/p>\n\n\n\n<p class=\"wp-block-paragraph\"><strong>Bonner Stottertherapie von Holger Pr\u00fc\u00df<\/strong><\/p>\n\n\n\n<p class=\"wp-block-paragraph\">Am Karnevals-Wochenende fand in unserem Seminarraum die Fortbildung <strong>Fluency Shaping<\/strong> nach dem Konzept der Bonner Stottertherapie nach Holger Pr\u00fc\u00df f\u00fcr \u00e4ltere Kinder, Jugendliche und Erwachsene mit Holger Pr\u00fc\u00df statt.<\/p>\n\n\n\n<p class=\"wp-block-paragraph\">Das Fluency Shaping ist ein strukturiertes Sprechen in Sinnabschnitten, mit weichen Stimmeins\u00e4tzen, prolongiertem Sprechen und leichten Artikulationskontakten.&nbsp;<\/p>\n\n\n\n<p class=\"wp-block-paragraph\">Bei Betroffenen mit einer sehr hohen Stotterrate zeigt sich innerhalb der Fluency-Shaping-Technik zumeist eine sehr starke Reduktion an Stotterantizipationen und Stotterereignissen.&nbsp;<\/p>\n\n\n\n<p class=\"wp-block-paragraph\">Das gesamte Sprechen wird so gestaltet, dass die Auftrittswahrscheinlichkeit von Stotterereignissen sehr deutlich reduziert wird. Es soll m\u00f6glichst ohne Stottern gesprochen werden. Durch das Erlernen eines fl\u00fcssigen Sprechens soll sich der Abbau von negativen Gef\u00fchlen und Gedanken automatisch vollziehen.<\/p>\n\n\n\n<p class=\"wp-block-paragraph\">Alle Teilnehmer haben diese Techniken erlernt und in \u00dcbungssequenzen angewendet. Zudem hat ein betroffener Patient unserer Praxis an der Fortbildung teilgenommen und sich sehr gefreut, von Herrn Pr\u00fc\u00df in die Methode des Fluency Shapings eingef\u00fchrt worden zu sein. So hatten wir die M\u00f6glichkeit Herrn Pr\u00fc\u00df auch als Therapeut zu erleben.<\/p>\n","protected":false},"excerpt":{"rendered":"<p>Bonner Stottertherapie von Holger Pr\u00fc\u00df Am Karnevals-Wochenende fand in unserem Seminarraum die Fortbildung Fluency Shaping nach dem Konzept der Bonner Stottertherapie nach Holger Pr\u00fc\u00df f\u00fcr \u00e4ltere Kinder, Jugendliche und Erwachsene mit Holger Pr\u00fc\u00df statt. Das Fluency Shaping ist ein strukturiertes Sprechen in Sinnabschnitten, mit weichen Stimmeins\u00e4tzen, prolongiertem Sprechen und leichten Artikulationskontakten.&nbsp; Bei Betroffenen mit einer&#8230;<\/p>\n","protected":false},"author":1,"featured_media":0,"comment_status":"closed","ping_status":"closed","sticky":false,"template":"","format":"standard","meta":{"_crdt_document":"","_themeisle_gutenberg_block_has_review":false,"_jetpack_memberships_contains_paid_content":false,"footnotes":""},"categories":[23],"tags":[47,45,46,38,37],"class_list":["post-1416","post","type-post","status-publish","format-standard","hentry","category-beitraege","tag-bonner-stottertherapie","tag-fluency-shaping","tag-holger-pruess","tag-stottern","tag-stottern-redeflussstoerungen"],"acf":[],"yoast_head":"<!-- This site is optimized with the Yoast SEO plugin v27.5 - https:\/\/yoast.com\/product\/yoast-seo-wordpress\/ -->\n<title>Stottern - Fluency Shaping (2. Teil der Fortbildungsreihe ) &#187; LOGOP\u00c4DIE OEHM &amp; SOMMER<\/title>\n<meta name=\"robots\" content=\"index, follow, max-snippet:-1, max-image-preview:large, max-video-preview:-1\" \/>\n<link rel=\"canonical\" href=\"https:\/\/wp.sprachtherapie-duisburg.de\/aktuelles\/2024\/03\/stottern-fluency-shaping-2-teil-der-fortbildungsreihe\/\" \/>\n<meta property=\"og:locale\" content=\"de_DE\" \/>\n<meta property=\"og:type\" content=\"article\" \/>\n<meta property=\"og:title\" content=\"Stottern - Fluency Shaping (2. Teil der Fortbildungsreihe ) &#187; LOGOP\u00c4DIE OEHM &amp; SOMMER\" \/>\n<meta property=\"og:description\" content=\"Bonner Stottertherapie von Holger Pr\u00fc\u00df Am Karnevals-Wochenende fand in unserem Seminarraum die Fortbildung Fluency Shaping nach dem Konzept der Bonner Stottertherapie nach Holger Pr\u00fc\u00df f\u00fcr \u00e4ltere Kinder, Jugendliche und Erwachsene mit Holger Pr\u00fc\u00df statt. Das Fluency Shaping ist ein strukturiertes Sprechen in Sinnabschnitten, mit weichen Stimmeins\u00e4tzen, prolongiertem Sprechen und leichten Artikulationskontakten.&nbsp; Bei Betroffenen mit einer...\" \/>\n<meta property=\"og:url\" content=\"https:\/\/wp.sprachtherapie-duisburg.de\/aktuelles\/2024\/03\/stottern-fluency-shaping-2-teil-der-fortbildungsreihe\/\" \/>\n<meta property=\"og:site_name\" content=\"LOGOP\u00c4DIE OEHM &amp; SOMMER\" \/>\n<meta property=\"article:publisher\" content=\"https:\/\/www.facebook.com\/logoos\" \/>\n<meta property=\"article:published_time\" content=\"2024-03-02T07:16:00+00:00\" \/>\n<meta property=\"article:modified_time\" content=\"2024-03-18T07:22:46+00:00\" \/>\n<meta name=\"author\" content=\"OS\" \/>\n<meta name=\"twitter:card\" content=\"summary_large_image\" \/>\n<meta name=\"twitter:label1\" content=\"Verfasst von\" \/>\n\t<meta name=\"twitter:data1\" content=\"OS\" \/>\n\t<meta name=\"twitter:label2\" content=\"Gesch\u00e4tzte Lesezeit\" \/>\n\t<meta name=\"twitter:data2\" content=\"2\u00a0Minuten\" \/>\n<script type=\"application\/ld+json\" class=\"yoast-schema-graph\">{\"@context\":\"https:\\\/\\\/schema.org\",\"@graph\":[{\"@type\":\"NewsArticle\",\"@id\":\"https:\\\/\\\/wp.sprachtherapie-duisburg.de\\\/aktuelles\\\/2024\\\/03\\\/stottern-fluency-shaping-2-teil-der-fortbildungsreihe\\\/#article\",\"isPartOf\":{\"@id\":\"https:\\\/\\\/wp.sprachtherapie-duisburg.de\\\/aktuelles\\\/2024\\\/03\\\/stottern-fluency-shaping-2-teil-der-fortbildungsreihe\\\/\"},\"author\":{\"name\":\"OS\",\"@id\":\"https:\\\/\\\/wp.sprachtherapie-duisburg.de\\\/aktuelles\\\/#\\\/schema\\\/person\\\/ba61ffba5ba6fd3613afbd21fecf58a5\"},\"headline\":\"Stottern &#8211; Fluency Shaping (2. Teil der Fortbildungsreihe )\",\"datePublished\":\"2024-03-02T07:16:00+00:00\",\"dateModified\":\"2024-03-18T07:22:46+00:00\",\"mainEntityOfPage\":{\"@id\":\"https:\\\/\\\/wp.sprachtherapie-duisburg.de\\\/aktuelles\\\/2024\\\/03\\\/stottern-fluency-shaping-2-teil-der-fortbildungsreihe\\\/\"},\"wordCount\":177,\"publisher\":{\"@id\":\"https:\\\/\\\/wp.sprachtherapie-duisburg.de\\\/aktuelles\\\/#organization\"},\"keywords\":[\"Bonner Stottertherapie\",\"Fluency Shaping\",\"Holger Pr\u00fc\u00df\",\"stottern\",\"stottern. redeflussst\u00f6rungen\"],\"articleSection\":[\"Beitr\u00e4ge\"],\"inLanguage\":\"de\"},{\"@type\":[\"WebPage\",\"MedicalWebPage\"],\"@id\":\"https:\\\/\\\/wp.sprachtherapie-duisburg.de\\\/aktuelles\\\/2024\\\/03\\\/stottern-fluency-shaping-2-teil-der-fortbildungsreihe\\\/\",\"url\":\"https:\\\/\\\/wp.sprachtherapie-duisburg.de\\\/aktuelles\\\/2024\\\/03\\\/stottern-fluency-shaping-2-teil-der-fortbildungsreihe\\\/\",\"name\":\"Stottern - Fluency Shaping (2. Teil der Fortbildungsreihe ) &#187; LOGOP\u00c4DIE OEHM &amp; SOMMER\",\"isPartOf\":{\"@id\":\"https:\\\/\\\/wp.sprachtherapie-duisburg.de\\\/aktuelles\\\/#website\"},\"datePublished\":\"2024-03-02T07:16:00+00:00\",\"dateModified\":\"2024-03-18T07:22:46+00:00\",\"breadcrumb\":{\"@id\":\"https:\\\/\\\/wp.sprachtherapie-duisburg.de\\\/aktuelles\\\/2024\\\/03\\\/stottern-fluency-shaping-2-teil-der-fortbildungsreihe\\\/#breadcrumb\"},\"inLanguage\":\"de\",\"potentialAction\":[{\"@type\":\"ReadAction\",\"target\":[\"https:\\\/\\\/wp.sprachtherapie-duisburg.de\\\/aktuelles\\\/2024\\\/03\\\/stottern-fluency-shaping-2-teil-der-fortbildungsreihe\\\/\"]}]},{\"@type\":\"BreadcrumbList\",\"@id\":\"https:\\\/\\\/wp.sprachtherapie-duisburg.de\\\/aktuelles\\\/2024\\\/03\\\/stottern-fluency-shaping-2-teil-der-fortbildungsreihe\\\/#breadcrumb\",\"itemListElement\":[{\"@type\":\"ListItem\",\"position\":1,\"name\":\"Startseite\",\"item\":\"https:\\\/\\\/wp.sprachtherapie-duisburg.de\\\/aktuelles\\\/\"},{\"@type\":\"ListItem\",\"position\":2,\"name\":\"Stottern &#8211; Fluency Shaping (2. Teil der Fortbildungsreihe )\"}]},{\"@type\":\"WebSite\",\"@id\":\"https:\\\/\\\/wp.sprachtherapie-duisburg.de\\\/aktuelles\\\/#website\",\"url\":\"https:\\\/\\\/wp.sprachtherapie-duisburg.de\\\/aktuelles\\\/\",\"name\":\"LOGOP\u00c4DIE OEHM &amp; SOMMER\",\"description\":\"Sprachtherapie in Duisburg und Dinslaken\",\"publisher\":{\"@id\":\"https:\\\/\\\/wp.sprachtherapie-duisburg.de\\\/aktuelles\\\/#organization\"},\"potentialAction\":[{\"@type\":\"SearchAction\",\"target\":{\"@type\":\"EntryPoint\",\"urlTemplate\":\"https:\\\/\\\/wp.sprachtherapie-duisburg.de\\\/aktuelles\\\/?s={search_term_string}\"},\"query-input\":{\"@type\":\"PropertyValueSpecification\",\"valueRequired\":true,\"valueName\":\"search_term_string\"}}],\"inLanguage\":\"de\"},{\"@type\":\"Organization\",\"@id\":\"https:\\\/\\\/wp.sprachtherapie-duisburg.de\\\/aktuelles\\\/#organization\",\"name\":\"Logop\u00e4die Oehm & Sommer\",\"url\":\"https:\\\/\\\/wp.sprachtherapie-duisburg.de\\\/aktuelles\\\/\",\"logo\":{\"@type\":\"ImageObject\",\"inLanguage\":\"de\",\"@id\":\"https:\\\/\\\/wp.sprachtherapie-duisburg.de\\\/aktuelles\\\/#\\\/schema\\\/logo\\\/image\\\/\",\"url\":\"https:\\\/\\\/wp.sprachtherapie-duisburg.de\\\/wp-content\\\/uploads\\\/2021\\\/06\\\/Logo_2farbig_blau-gelb_aktuell-gespiegelt.png\",\"contentUrl\":\"https:\\\/\\\/wp.sprachtherapie-duisburg.de\\\/wp-content\\\/uploads\\\/2021\\\/06\\\/Logo_2farbig_blau-gelb_aktuell-gespiegelt.png\",\"width\":1886,\"height\":613,\"caption\":\"Logop\u00e4die Oehm & Sommer\"},\"image\":{\"@id\":\"https:\\\/\\\/wp.sprachtherapie-duisburg.de\\\/aktuelles\\\/#\\\/schema\\\/logo\\\/image\\\/\"},\"sameAs\":[\"https:\\\/\\\/www.facebook.com\\\/logoos\"]},{\"@type\":\"Person\",\"@id\":\"https:\\\/\\\/wp.sprachtherapie-duisburg.de\\\/aktuelles\\\/#\\\/schema\\\/person\\\/ba61ffba5ba6fd3613afbd21fecf58a5\",\"name\":\"OS\",\"image\":{\"@type\":\"ImageObject\",\"inLanguage\":\"de\",\"@id\":\"https:\\\/\\\/secure.gravatar.com\\\/avatar\\\/28bf7015ec790a2c2688fad9f5d25304b45823f76870e97e855432dd50efb2ec?s=96&d=mm&r=g\",\"url\":\"https:\\\/\\\/secure.gravatar.com\\\/avatar\\\/28bf7015ec790a2c2688fad9f5d25304b45823f76870e97e855432dd50efb2ec?s=96&d=mm&r=g\",\"contentUrl\":\"https:\\\/\\\/secure.gravatar.com\\\/avatar\\\/28bf7015ec790a2c2688fad9f5d25304b45823f76870e97e855432dd50efb2ec?s=96&d=mm&r=g\",\"caption\":\"OS\"},\"sameAs\":[\"https:\\\/\\\/wp.sprachtherapie-duisburg.de\"]}]}<\/script>\n<!-- \/ Yoast SEO plugin. -->","yoast_head_json":{"title":"Stottern - Fluency Shaping (2. Teil der Fortbildungsreihe ) &#187; LOGOP\u00c4DIE OEHM &amp; SOMMER","robots":{"index":"index","follow":"follow","max-snippet":"max-snippet:-1","max-image-preview":"max-image-preview:large","max-video-preview":"max-video-preview:-1"},"canonical":"https:\/\/wp.sprachtherapie-duisburg.de\/aktuelles\/2024\/03\/stottern-fluency-shaping-2-teil-der-fortbildungsreihe\/","og_locale":"de_DE","og_type":"article","og_title":"Stottern - Fluency Shaping (2. Teil der Fortbildungsreihe ) &#187; LOGOP\u00c4DIE OEHM &amp; SOMMER","og_description":"Bonner Stottertherapie von Holger Pr\u00fc\u00df Am Karnevals-Wochenende fand in unserem Seminarraum die Fortbildung Fluency Shaping nach dem Konzept der Bonner Stottertherapie nach Holger Pr\u00fc\u00df f\u00fcr \u00e4ltere Kinder, Jugendliche und Erwachsene mit Holger Pr\u00fc\u00df statt. Das Fluency Shaping ist ein strukturiertes Sprechen in Sinnabschnitten, mit weichen Stimmeins\u00e4tzen, prolongiertem Sprechen und leichten Artikulationskontakten.&nbsp; Bei Betroffenen mit einer...","og_url":"https:\/\/wp.sprachtherapie-duisburg.de\/aktuelles\/2024\/03\/stottern-fluency-shaping-2-teil-der-fortbildungsreihe\/","og_site_name":"LOGOP\u00c4DIE OEHM &amp; SOMMER","article_publisher":"https:\/\/www.facebook.com\/logoos","article_published_time":"2024-03-02T07:16:00+00:00","article_modified_time":"2024-03-18T07:22:46+00:00","author":"OS","twitter_card":"summary_large_image","twitter_misc":{"Verfasst von":"OS","Gesch\u00e4tzte Lesezeit":"2\u00a0Minuten"},"schema":{"@context":"https:\/\/schema.org","@graph":[{"@type":"NewsArticle","@id":"https:\/\/wp.sprachtherapie-duisburg.de\/aktuelles\/2024\/03\/stottern-fluency-shaping-2-teil-der-fortbildungsreihe\/#article","isPartOf":{"@id":"https:\/\/wp.sprachtherapie-duisburg.de\/aktuelles\/2024\/03\/stottern-fluency-shaping-2-teil-der-fortbildungsreihe\/"},"author":{"name":"OS","@id":"https:\/\/wp.sprachtherapie-duisburg.de\/aktuelles\/#\/schema\/person\/ba61ffba5ba6fd3613afbd21fecf58a5"},"headline":"Stottern &#8211; Fluency Shaping (2. Teil der Fortbildungsreihe )","datePublished":"2024-03-02T07:16:00+00:00","dateModified":"2024-03-18T07:22:46+00:00","mainEntityOfPage":{"@id":"https:\/\/wp.sprachtherapie-duisburg.de\/aktuelles\/2024\/03\/stottern-fluency-shaping-2-teil-der-fortbildungsreihe\/"},"wordCount":177,"publisher":{"@id":"https:\/\/wp.sprachtherapie-duisburg.de\/aktuelles\/#organization"},"keywords":["Bonner Stottertherapie","Fluency Shaping","Holger Pr\u00fc\u00df","stottern","stottern. redeflussst\u00f6rungen"],"articleSection":["Beitr\u00e4ge"],"inLanguage":"de"},{"@type":["WebPage","MedicalWebPage"],"@id":"https:\/\/wp.sprachtherapie-duisburg.de\/aktuelles\/2024\/03\/stottern-fluency-shaping-2-teil-der-fortbildungsreihe\/","url":"https:\/\/wp.sprachtherapie-duisburg.de\/aktuelles\/2024\/03\/stottern-fluency-shaping-2-teil-der-fortbildungsreihe\/","name":"Stottern - Fluency Shaping (2. Teil der Fortbildungsreihe ) &#187; LOGOP\u00c4DIE OEHM &amp; SOMMER","isPartOf":{"@id":"https:\/\/wp.sprachtherapie-duisburg.de\/aktuelles\/#website"},"datePublished":"2024-03-02T07:16:00+00:00","dateModified":"2024-03-18T07:22:46+00:00","breadcrumb":{"@id":"https:\/\/wp.sprachtherapie-duisburg.de\/aktuelles\/2024\/03\/stottern-fluency-shaping-2-teil-der-fortbildungsreihe\/#breadcrumb"},"inLanguage":"de","potentialAction":[{"@type":"ReadAction","target":["https:\/\/wp.sprachtherapie-duisburg.de\/aktuelles\/2024\/03\/stottern-fluency-shaping-2-teil-der-fortbildungsreihe\/"]}]},{"@type":"BreadcrumbList","@id":"https:\/\/wp.sprachtherapie-duisburg.de\/aktuelles\/2024\/03\/stottern-fluency-shaping-2-teil-der-fortbildungsreihe\/#breadcrumb","itemListElement":[{"@type":"ListItem","position":1,"name":"Startseite","item":"https:\/\/wp.sprachtherapie-duisburg.de\/aktuelles\/"},{"@type":"ListItem","position":2,"name":"Stottern &#8211; Fluency Shaping (2. Teil der Fortbildungsreihe )"}]},{"@type":"WebSite","@id":"https:\/\/wp.sprachtherapie-duisburg.de\/aktuelles\/#website","url":"https:\/\/wp.sprachtherapie-duisburg.de\/aktuelles\/","name":"LOGOP\u00c4DIE OEHM &amp; SOMMER","description":"Sprachtherapie in Duisburg und Dinslaken","publisher":{"@id":"https:\/\/wp.sprachtherapie-duisburg.de\/aktuelles\/#organization"},"potentialAction":[{"@type":"SearchAction","target":{"@type":"EntryPoint","urlTemplate":"https:\/\/wp.sprachtherapie-duisburg.de\/aktuelles\/?s={search_term_string}"},"query-input":{"@type":"PropertyValueSpecification","valueRequired":true,"valueName":"search_term_string"}}],"inLanguage":"de"},{"@type":"Organization","@id":"https:\/\/wp.sprachtherapie-duisburg.de\/aktuelles\/#organization","name":"Logop\u00e4die Oehm & Sommer","url":"https:\/\/wp.sprachtherapie-duisburg.de\/aktuelles\/","logo":{"@type":"ImageObject","inLanguage":"de","@id":"https:\/\/wp.sprachtherapie-duisburg.de\/aktuelles\/#\/schema\/logo\/image\/","url":"https:\/\/wp.sprachtherapie-duisburg.de\/wp-content\/uploads\/2021\/06\/Logo_2farbig_blau-gelb_aktuell-gespiegelt.png","contentUrl":"https:\/\/wp.sprachtherapie-duisburg.de\/wp-content\/uploads\/2021\/06\/Logo_2farbig_blau-gelb_aktuell-gespiegelt.png","width":1886,"height":613,"caption":"Logop\u00e4die Oehm & Sommer"},"image":{"@id":"https:\/\/wp.sprachtherapie-duisburg.de\/aktuelles\/#\/schema\/logo\/image\/"},"sameAs":["https:\/\/www.facebook.com\/logoos"]},{"@type":"Person","@id":"https:\/\/wp.sprachtherapie-duisburg.de\/aktuelles\/#\/schema\/person\/ba61ffba5ba6fd3613afbd21fecf58a5","name":"OS","image":{"@type":"ImageObject","inLanguage":"de","@id":"https:\/\/secure.gravatar.com\/avatar\/28bf7015ec790a2c2688fad9f5d25304b45823f76870e97e855432dd50efb2ec?s=96&d=mm&r=g","url":"https:\/\/secure.gravatar.com\/avatar\/28bf7015ec790a2c2688fad9f5d25304b45823f76870e97e855432dd50efb2ec?s=96&d=mm&r=g","contentUrl":"https:\/\/secure.gravatar.com\/avatar\/28bf7015ec790a2c2688fad9f5d25304b45823f76870e97e855432dd50efb2ec?s=96&d=mm&r=g","caption":"OS"},"sameAs":["https:\/\/wp.sprachtherapie-duisburg.de"]}]}},"jetpack_featured_media_url":"","jetpack-related-posts":[{"id":1292,"url":"https:\/\/wp.sprachtherapie-duisburg.de\/aktuelles\/2023\/02\/stottern-ein-eisberg\/","url_meta":{"origin":1416,"position":0},"title":"Stottern &#8211; Stottermodifikation","author":"OS","date":"20. Februar 2023","format":false,"excerpt":"Bonner Stottertherapie von Holger Pr\u00fc\u00df Zuk\u00fcnftig bieten wir die erfolgreiche Bonner Stottertherapie als ambulante Therapieform in unseren Praxen an. Daf\u00fcr haben wir Herrn Volker Pr\u00fc\u00df eingeladen, der als Selbstbetroffener die Bonner Stottertherapie entwickelt hat und uns in einer 2-teiligen Fortbildungsreihe in unseren Fortbildungsr\u00e4umen unserer Praxis in Dinslaken-Eppinghoven mit diesem erfolgreichen\u2026","rel":"","context":"In &quot;Beitr\u00e4ge&quot;","block_context":{"text":"Beitr\u00e4ge","link":"https:\/\/wp.sprachtherapie-duisburg.de\/aktuelles\/kategorie\/beitraege\/"},"img":{"alt_text":"Fortbildung Bonner Stottertherapie mit Volker Pr\u00fc\u00df","src":"https:\/\/i0.wp.com\/wp.sprachtherapie-duisburg.de\/wp-content\/uploads\/2023\/03\/Pruess-Eisberg-scaled.jpg?fit=1200%2C876&ssl=1&resize=350%2C200","width":350,"height":200,"srcset":"https:\/\/i0.wp.com\/wp.sprachtherapie-duisburg.de\/wp-content\/uploads\/2023\/03\/Pruess-Eisberg-scaled.jpg?fit=1200%2C876&ssl=1&resize=350%2C200 1x, https:\/\/i0.wp.com\/wp.sprachtherapie-duisburg.de\/wp-content\/uploads\/2023\/03\/Pruess-Eisberg-scaled.jpg?fit=1200%2C876&ssl=1&resize=525%2C300 1.5x, https:\/\/i0.wp.com\/wp.sprachtherapie-duisburg.de\/wp-content\/uploads\/2023\/03\/Pruess-Eisberg-scaled.jpg?fit=1200%2C876&ssl=1&resize=700%2C400 2x, https:\/\/i0.wp.com\/wp.sprachtherapie-duisburg.de\/wp-content\/uploads\/2023\/03\/Pruess-Eisberg-scaled.jpg?fit=1200%2C876&ssl=1&resize=1050%2C600 3x"},"classes":[]},{"id":1314,"url":"https:\/\/wp.sprachtherapie-duisburg.de\/aktuelles\/2023\/04\/stottern-junger-kinder-im-alter-von-2-7-jahre\/","url_meta":{"origin":1416,"position":1},"title":"Stottern junger Kinder im Alter von 2-7 Jahren","author":"OS","date":"11. April 2023","format":false,"excerpt":"Redeflussst\u00f6rungen Stottern und Poltern geh\u00f6ren zu den h\u00e4ufigen chronischen Erkrankungen bei Kindern, Jugendlichen und Erwachsenen. Etwa drei Viertel des Stotterns liegt bereits im Kindergartenalter vor. Die Leitlinien Redeflussst\u00f6rungen (2016) weisen auf die gro\u00dfen Chancen auf eine weitgehende oder komplettes Nachlassen f\u00fcr Stottern bei einer ad\u00e4quaten Fr\u00fchtherapie hin. (Harris et al.\u2026","rel":"","context":"In &quot;Beitr\u00e4ge&quot;","block_context":{"text":"Beitr\u00e4ge","link":"https:\/\/wp.sprachtherapie-duisburg.de\/aktuelles\/kategorie\/beitraege\/"},"img":{"alt_text":"","src":"","width":0,"height":0},"classes":[]},{"id":1360,"url":"https:\/\/wp.sprachtherapie-duisburg.de\/aktuelles\/2023\/11\/unsere-seminare-2024-ein-ausblick\/","url_meta":{"origin":1416,"position":2},"title":"Unsere Seminare 2024 &#8211; Ein Ausblick","author":"OS","date":"3. November 2023","format":false,"excerpt":"Am 10. und 11. Februar 2024 wird die Fortbildung Fluency Shaping mit Herrn Holger Pr\u00fcss (Bonner Stottertherapie) stattfinden. Es ist die (unabh\u00e4ngige) Folgeveranstaltung des Seminars Stottermodifikation im Rahmen der Bonner Stottertherapie von Holger Pr\u00fc\u00df. Im 5. Juli. 2024 wird Frau Aichlseder, Norderstedt, eine Fortbildung zum Thema Bindungsentwicklung und Bindungstherapie nach\u2026","rel":"","context":"In &quot;Beitr\u00e4ge&quot;","block_context":{"text":"Beitr\u00e4ge","link":"https:\/\/wp.sprachtherapie-duisburg.de\/aktuelles\/kategorie\/beitraege\/"},"img":{"alt_text":"","src":"","width":0,"height":0},"classes":[]},{"id":1101,"url":"https:\/\/wp.sprachtherapie-duisburg.de\/aktuelles\/2022\/07\/fortbildung-zum-thema-therapie-von-lesestoerungen\/","url_meta":{"origin":1416,"position":3},"title":"Fortbildung zum Thema Therapie von Lesest\u00f6rungen","author":"OS","date":"5. Juli 2022","format":false,"excerpt":"Am 4. Juli hat Herr Dipl.Ing. T. Barner vom Institut f\u00fcr Soziale P\u00e4diatrie und Jugendmedizin (M\u00fcnchen) das gesamte Therapeuten-Team zum Thema Therapie von Lesest\u00f6rungen nach der Methode von Prof. R. Werth auf den aktuellsten wissenschaftlichen Stand gebracht. Er referierte \u00fcber Ursachen, Diagnose- und Therapiem\u00f6glichkeiten von Lesest\u00f6rungen f\u00fcr betroffene Kinder und\u2026","rel":"","context":"In &quot;Beitr\u00e4ge&quot;","block_context":{"text":"Beitr\u00e4ge","link":"https:\/\/wp.sprachtherapie-duisburg.de\/aktuelles\/kategorie\/beitraege\/"},"img":{"alt_text":"","src":"","width":0,"height":0},"classes":[]},{"id":1732,"url":"https:\/\/wp.sprachtherapie-duisburg.de\/aktuelles\/2026\/02\/seminar-gespraechsfuehrung-mit-eltern-praxisreflexion-und-anleitung\/","url_meta":{"origin":1416,"position":4},"title":"Seminar &#8222;Gespr\u00e4chsf\u00fchrung mit Eltern &#8211; Praxisreflexion und Anleitung&#8220;","author":"OS","date":"9. Februar 2026","format":false,"excerpt":"- Dr. phil. Matthias Paul Krause - Dipl.-Psychologe, Psychologischer Psychotherapeut, Supervisor - Am 6. Februar 2026 hatten wir das Vergn\u00fcgen, Herrn Dr. phil. Matthias Paul Krause, Diplom-Psychologe, Psychologischer Psychotherapeut und Supervisor, in unseren Seminarr\u00e4umen in Duisburg\/Dinslaken begr\u00fc\u00dfen zu d\u00fcrfen. Er referierte im Rahmen unserer Fortbildung zum Thema \u201eGespr\u00e4chsf\u00fchrung mit Eltern\u2026","rel":"","context":"In &quot;Beitr\u00e4ge&quot;","block_context":{"text":"Beitr\u00e4ge","link":"https:\/\/wp.sprachtherapie-duisburg.de\/aktuelles\/kategorie\/beitraege\/"},"img":{"alt_text":"","src":"","width":0,"height":0},"classes":[]},{"id":1543,"url":"https:\/\/wp.sprachtherapie-duisburg.de\/aktuelles\/2025\/04\/diagnose-und-therapie-von-neurogenen-schluckstoerungen-dipl-heilpaed-uli-birkmann\/","url_meta":{"origin":1416,"position":5},"title":"Inhouse-Semininar: Diagnose und Therapie von neurogenen Schluckst\u00f6rungen","author":"OS","date":"7. April 2025","format":false,"excerpt":"Am 4. und 5. April 2025 haben 15 Teilnehmer an der Fortbildung Diagnose und Therapie von neurogenen Schluckst\u00f6rungen mit Uli Birkmann teilgenommen. Eine Teilnehmerin beschrieb sehr passend: \u201eEs war eine tolle Fortbildung! Vorhandenes Wissen wurde aufgefrischt und erg\u00e4nzt. Uli Birkmanns kurzweiliger und gelungener Vortrag lie\u00df die Zeit wie im Flug\u2026","rel":"","context":"In &quot;Beitr\u00e4ge&quot;","block_context":{"text":"Beitr\u00e4ge","link":"https:\/\/wp.sprachtherapie-duisburg.de\/aktuelles\/kategorie\/beitraege\/"},"img":{"alt_text":"","src":"https:\/\/i0.wp.com\/wp.sprachtherapie-duisburg.de\/wp-content\/uploads\/2025\/04\/Querschnitt-Kopf.png?fit=303%2C364&ssl=1&resize=350%2C200","width":350,"height":200},"classes":[]}],"jetpack_sharing_enabled":true,"_links":{"self":[{"href":"https:\/\/wp.sprachtherapie-duisburg.de\/aktuelles\/wp-json\/wp\/v2\/posts\/1416","targetHints":{"allow":["GET"]}}],"collection":[{"href":"https:\/\/wp.sprachtherapie-duisburg.de\/aktuelles\/wp-json\/wp\/v2\/posts"}],"about":[{"href":"https:\/\/wp.sprachtherapie-duisburg.de\/aktuelles\/wp-json\/wp\/v2\/types\/post"}],"author":[{"embeddable":true,"href":"https:\/\/wp.sprachtherapie-duisburg.de\/aktuelles\/wp-json\/wp\/v2\/users\/1"}],"replies":[{"embeddable":true,"href":"https:\/\/wp.sprachtherapie-duisburg.de\/aktuelles\/wp-json\/wp\/v2\/comments?post=1416"}],"version-history":[{"count":7,"href":"https:\/\/wp.sprachtherapie-duisburg.de\/aktuelles\/wp-json\/wp\/v2\/posts\/1416\/revisions"}],"predecessor-version":[{"id":1426,"href":"https:\/\/wp.sprachtherapie-duisburg.de\/aktuelles\/wp-json\/wp\/v2\/posts\/1416\/revisions\/1426"}],"wp:attachment":[{"href":"https:\/\/wp.sprachtherapie-duisburg.de\/aktuelles\/wp-json\/wp\/v2\/media?parent=1416"}],"wp:term":[{"taxonomy":"category","embeddable":true,"href":"https:\/\/wp.sprachtherapie-duisburg.de\/aktuelles\/wp-json\/wp\/v2\/categories?post=1416"},{"taxonomy":"post_tag","embeddable":true,"href":"https:\/\/wp.sprachtherapie-duisburg.de\/aktuelles\/wp-json\/wp\/v2\/tags?post=1416"}],"curies":[{"name":"wp","href":"https:\/\/api.w.org\/{rel}","templated":true}]}}