{"id":1543,"date":"2025-04-07T10:32:28","date_gmt":"2025-04-07T08:32:28","guid":{"rendered":"https:\/\/wp.sprachtherapie-duisburg.de\/aktuelles\/?p=1543"},"modified":"2025-04-13T10:46:52","modified_gmt":"2025-04-13T08:46:52","slug":"diagnose-und-therapie-von-neurogenen-schluckstoerungen-dipl-heilpaed-uli-birkmann","status":"publish","type":"post","link":"https:\/\/wp.sprachtherapie-duisburg.de\/aktuelles\/2025\/04\/diagnose-und-therapie-von-neurogenen-schluckstoerungen-dipl-heilpaed-uli-birkmann\/","title":{"rendered":"Inhouse-Semininar: Diagnose und Therapie von neurogenen Schluckst\u00f6rungen"},"content":{"rendered":"\n<p class=\"wp-block-paragraph\"><\/p>\n\n\n\n<p class=\"wp-block-paragraph\">Am 4. und 5. April 2025 haben 15 Teilnehmer an der Fortbildung<\/p>\n\n\n\n<p class=\"wp-block-paragraph\"><strong>Diagnose und Therapie von neurogenen Schluckst\u00f6rungen mit Uli Birkmann <\/strong>teilgenommen.<\/p>\n\n\n\n<p class=\"wp-block-paragraph\">Eine Teilnehmerin beschrieb sehr passend: \u201eEs war eine tolle Fortbildung! Vorhandenes Wissen wurde aufgefrischt und erg\u00e4nzt. Uli Birkmanns kurzweiliger und gelungener Vortrag lie\u00df die Zeit wie im Flug vergehen. Neben den theoretischen Ausf\u00fchrungen kamen wir in den Genuss zur Durchf\u00fchrung wichtiger praktischer \u00dcbungen. Daneben fanden inspirierende Gespr\u00e4che mit Teilnehmern\/Kolleginnen statt. Leckere Verpflegung rundete die Veranstaltung ab.<\/p>\n\n\n\n<p class=\"wp-block-paragraph\"><em>Dipl.-Heilp\u00e4d. Ulrich Birkmann ist seit 2008 Leiter der Schluckambulanz Troisdorf &#8211; Sieglar<\/em><\/p>\n","protected":false},"excerpt":{"rendered":"<p>Am 4. und 5. April 2025 haben 15 Teilnehmer an der Fortbildung Diagnose und Therapie von neurogenen Schluckst\u00f6rungen mit Uli Birkmann teilgenommen. Eine Teilnehmerin beschrieb sehr passend: \u201eEs war eine tolle Fortbildung! Vorhandenes Wissen wurde aufgefrischt und erg\u00e4nzt. Uli Birkmanns kurzweiliger und gelungener Vortrag lie\u00df die Zeit wie im Flug vergehen. Neben den theoretischen Ausf\u00fchrungen&#8230;<\/p>\n","protected":false},"author":1,"featured_media":1545,"comment_status":"closed","ping_status":"closed","sticky":false,"template":"","format":"standard","meta":{"_crdt_document":"","_themeisle_gutenberg_block_has_review":false,"_jetpack_memberships_contains_paid_content":false,"footnotes":""},"categories":[23],"tags":[53,51,52],"class_list":["post-1543","post","type-post","status-publish","format-standard","has-post-thumbnail","hentry","category-beitraege","tag-diagnose","tag-dysphagie","tag-schluckstoerungen"],"acf":[],"yoast_head":"<!-- This site is optimized with the Yoast SEO plugin v27.5 - https:\/\/yoast.com\/product\/yoast-seo-wordpress\/ -->\n<title>Inhouse-Semininar: Diagnose und Therapie von neurogenen Schluckst\u00f6rungen &#187; LOGOP\u00c4DIE OEHM &amp; SOMMER<\/title>\n<meta name=\"robots\" content=\"index, follow, max-snippet:-1, max-image-preview:large, max-video-preview:-1\" \/>\n<link rel=\"canonical\" href=\"https:\/\/wp.sprachtherapie-duisburg.de\/aktuelles\/2025\/04\/diagnose-und-therapie-von-neurogenen-schluckstoerungen-dipl-heilpaed-uli-birkmann\/\" \/>\n<meta property=\"og:locale\" content=\"de_DE\" \/>\n<meta property=\"og:type\" content=\"article\" \/>\n<meta property=\"og:title\" content=\"Inhouse-Semininar: Diagnose und Therapie von neurogenen Schluckst\u00f6rungen &#187; LOGOP\u00c4DIE OEHM &amp; SOMMER\" \/>\n<meta property=\"og:description\" content=\"Am 4. und 5. April 2025 haben 15 Teilnehmer an der Fortbildung Diagnose und Therapie von neurogenen Schluckst\u00f6rungen mit Uli Birkmann teilgenommen. Eine Teilnehmerin beschrieb sehr passend: \u201eEs war eine tolle Fortbildung! Vorhandenes Wissen wurde aufgefrischt und erg\u00e4nzt. Uli Birkmanns kurzweiliger und gelungener Vortrag lie\u00df die Zeit wie im Flug vergehen. Neben den theoretischen Ausf\u00fchrungen...\" \/>\n<meta property=\"og:url\" content=\"https:\/\/wp.sprachtherapie-duisburg.de\/aktuelles\/2025\/04\/diagnose-und-therapie-von-neurogenen-schluckstoerungen-dipl-heilpaed-uli-birkmann\/\" \/>\n<meta property=\"og:site_name\" content=\"LOGOP\u00c4DIE OEHM &amp; SOMMER\" \/>\n<meta property=\"article:publisher\" content=\"https:\/\/www.facebook.com\/logoos\" \/>\n<meta property=\"article:published_time\" content=\"2025-04-07T08:32:28+00:00\" \/>\n<meta property=\"article:modified_time\" content=\"2025-04-13T08:46:52+00:00\" \/>\n<meta property=\"og:image\" content=\"https:\/\/wp.sprachtherapie-duisburg.de\/wp-content\/uploads\/2025\/04\/Querschnitt-Kopf.png\" \/>\n\t<meta property=\"og:image:width\" content=\"303\" \/>\n\t<meta property=\"og:image:height\" content=\"364\" \/>\n\t<meta property=\"og:image:type\" content=\"image\/png\" \/>\n<meta name=\"author\" content=\"OS\" \/>\n<meta name=\"twitter:card\" content=\"summary_large_image\" \/>\n<meta name=\"twitter:label1\" content=\"Verfasst von\" \/>\n\t<meta name=\"twitter:data1\" content=\"OS\" \/>\n\t<meta name=\"twitter:label2\" content=\"Gesch\u00e4tzte Lesezeit\" \/>\n\t<meta name=\"twitter:data2\" content=\"1\u00a0Minute\" \/>\n<script type=\"application\/ld+json\" class=\"yoast-schema-graph\">{\"@context\":\"https:\\\/\\\/schema.org\",\"@graph\":[{\"@type\":\"NewsArticle\",\"@id\":\"https:\\\/\\\/wp.sprachtherapie-duisburg.de\\\/aktuelles\\\/2025\\\/04\\\/diagnose-und-therapie-von-neurogenen-schluckstoerungen-dipl-heilpaed-uli-birkmann\\\/#article\",\"isPartOf\":{\"@id\":\"https:\\\/\\\/wp.sprachtherapie-duisburg.de\\\/aktuelles\\\/2025\\\/04\\\/diagnose-und-therapie-von-neurogenen-schluckstoerungen-dipl-heilpaed-uli-birkmann\\\/\"},\"author\":{\"name\":\"OS\",\"@id\":\"https:\\\/\\\/wp.sprachtherapie-duisburg.de\\\/aktuelles\\\/#\\\/schema\\\/person\\\/ba61ffba5ba6fd3613afbd21fecf58a5\"},\"headline\":\"Inhouse-Semininar: Diagnose und Therapie von neurogenen Schluckst\u00f6rungen\",\"datePublished\":\"2025-04-07T08:32:28+00:00\",\"dateModified\":\"2025-04-13T08:46:52+00:00\",\"mainEntityOfPage\":{\"@id\":\"https:\\\/\\\/wp.sprachtherapie-duisburg.de\\\/aktuelles\\\/2025\\\/04\\\/diagnose-und-therapie-von-neurogenen-schluckstoerungen-dipl-heilpaed-uli-birkmann\\\/\"},\"wordCount\":101,\"publisher\":{\"@id\":\"https:\\\/\\\/wp.sprachtherapie-duisburg.de\\\/aktuelles\\\/#organization\"},\"image\":{\"@id\":\"https:\\\/\\\/wp.sprachtherapie-duisburg.de\\\/aktuelles\\\/2025\\\/04\\\/diagnose-und-therapie-von-neurogenen-schluckstoerungen-dipl-heilpaed-uli-birkmann\\\/#primaryimage\"},\"thumbnailUrl\":\"https:\\\/\\\/i0.wp.com\\\/wp.sprachtherapie-duisburg.de\\\/wp-content\\\/uploads\\\/2025\\\/04\\\/Querschnitt-Kopf.png?fit=303%2C364&ssl=1\",\"keywords\":[\"Diagnose\",\"Dysphagie\",\"Schluckst\u00f6rungen\"],\"articleSection\":[\"Beitr\u00e4ge\"],\"inLanguage\":\"de\"},{\"@type\":[\"WebPage\",\"MedicalWebPage\"],\"@id\":\"https:\\\/\\\/wp.sprachtherapie-duisburg.de\\\/aktuelles\\\/2025\\\/04\\\/diagnose-und-therapie-von-neurogenen-schluckstoerungen-dipl-heilpaed-uli-birkmann\\\/\",\"url\":\"https:\\\/\\\/wp.sprachtherapie-duisburg.de\\\/aktuelles\\\/2025\\\/04\\\/diagnose-und-therapie-von-neurogenen-schluckstoerungen-dipl-heilpaed-uli-birkmann\\\/\",\"name\":\"Inhouse-Semininar: Diagnose und Therapie von neurogenen Schluckst\u00f6rungen &#187; LOGOP\u00c4DIE OEHM &amp; SOMMER\",\"isPartOf\":{\"@id\":\"https:\\\/\\\/wp.sprachtherapie-duisburg.de\\\/aktuelles\\\/#website\"},\"primaryImageOfPage\":{\"@id\":\"https:\\\/\\\/wp.sprachtherapie-duisburg.de\\\/aktuelles\\\/2025\\\/04\\\/diagnose-und-therapie-von-neurogenen-schluckstoerungen-dipl-heilpaed-uli-birkmann\\\/#primaryimage\"},\"image\":{\"@id\":\"https:\\\/\\\/wp.sprachtherapie-duisburg.de\\\/aktuelles\\\/2025\\\/04\\\/diagnose-und-therapie-von-neurogenen-schluckstoerungen-dipl-heilpaed-uli-birkmann\\\/#primaryimage\"},\"thumbnailUrl\":\"https:\\\/\\\/i0.wp.com\\\/wp.sprachtherapie-duisburg.de\\\/wp-content\\\/uploads\\\/2025\\\/04\\\/Querschnitt-Kopf.png?fit=303%2C364&ssl=1\",\"datePublished\":\"2025-04-07T08:32:28+00:00\",\"dateModified\":\"2025-04-13T08:46:52+00:00\",\"breadcrumb\":{\"@id\":\"https:\\\/\\\/wp.sprachtherapie-duisburg.de\\\/aktuelles\\\/2025\\\/04\\\/diagnose-und-therapie-von-neurogenen-schluckstoerungen-dipl-heilpaed-uli-birkmann\\\/#breadcrumb\"},\"inLanguage\":\"de\",\"potentialAction\":[{\"@type\":\"ReadAction\",\"target\":[\"https:\\\/\\\/wp.sprachtherapie-duisburg.de\\\/aktuelles\\\/2025\\\/04\\\/diagnose-und-therapie-von-neurogenen-schluckstoerungen-dipl-heilpaed-uli-birkmann\\\/\"]}]},{\"@type\":\"ImageObject\",\"inLanguage\":\"de\",\"@id\":\"https:\\\/\\\/wp.sprachtherapie-duisburg.de\\\/aktuelles\\\/2025\\\/04\\\/diagnose-und-therapie-von-neurogenen-schluckstoerungen-dipl-heilpaed-uli-birkmann\\\/#primaryimage\",\"url\":\"https:\\\/\\\/i0.wp.com\\\/wp.sprachtherapie-duisburg.de\\\/wp-content\\\/uploads\\\/2025\\\/04\\\/Querschnitt-Kopf.png?fit=303%2C364&ssl=1\",\"contentUrl\":\"https:\\\/\\\/i0.wp.com\\\/wp.sprachtherapie-duisburg.de\\\/wp-content\\\/uploads\\\/2025\\\/04\\\/Querschnitt-Kopf.png?fit=303%2C364&ssl=1\",\"width\":303,\"height\":364},{\"@type\":\"BreadcrumbList\",\"@id\":\"https:\\\/\\\/wp.sprachtherapie-duisburg.de\\\/aktuelles\\\/2025\\\/04\\\/diagnose-und-therapie-von-neurogenen-schluckstoerungen-dipl-heilpaed-uli-birkmann\\\/#breadcrumb\",\"itemListElement\":[{\"@type\":\"ListItem\",\"position\":1,\"name\":\"Startseite\",\"item\":\"https:\\\/\\\/wp.sprachtherapie-duisburg.de\\\/aktuelles\\\/\"},{\"@type\":\"ListItem\",\"position\":2,\"name\":\"Inhouse-Semininar: Diagnose und Therapie von neurogenen Schluckst\u00f6rungen\"}]},{\"@type\":\"WebSite\",\"@id\":\"https:\\\/\\\/wp.sprachtherapie-duisburg.de\\\/aktuelles\\\/#website\",\"url\":\"https:\\\/\\\/wp.sprachtherapie-duisburg.de\\\/aktuelles\\\/\",\"name\":\"LOGOP\u00c4DIE OEHM &amp; SOMMER\",\"description\":\"Sprachtherapie in Duisburg und Dinslaken\",\"publisher\":{\"@id\":\"https:\\\/\\\/wp.sprachtherapie-duisburg.de\\\/aktuelles\\\/#organization\"},\"potentialAction\":[{\"@type\":\"SearchAction\",\"target\":{\"@type\":\"EntryPoint\",\"urlTemplate\":\"https:\\\/\\\/wp.sprachtherapie-duisburg.de\\\/aktuelles\\\/?s={search_term_string}\"},\"query-input\":{\"@type\":\"PropertyValueSpecification\",\"valueRequired\":true,\"valueName\":\"search_term_string\"}}],\"inLanguage\":\"de\"},{\"@type\":\"Organization\",\"@id\":\"https:\\\/\\\/wp.sprachtherapie-duisburg.de\\\/aktuelles\\\/#organization\",\"name\":\"Logop\u00e4die Oehm & Sommer\",\"url\":\"https:\\\/\\\/wp.sprachtherapie-duisburg.de\\\/aktuelles\\\/\",\"logo\":{\"@type\":\"ImageObject\",\"inLanguage\":\"de\",\"@id\":\"https:\\\/\\\/wp.sprachtherapie-duisburg.de\\\/aktuelles\\\/#\\\/schema\\\/logo\\\/image\\\/\",\"url\":\"https:\\\/\\\/wp.sprachtherapie-duisburg.de\\\/wp-content\\\/uploads\\\/2021\\\/06\\\/Logo_2farbig_blau-gelb_aktuell-gespiegelt.png\",\"contentUrl\":\"https:\\\/\\\/wp.sprachtherapie-duisburg.de\\\/wp-content\\\/uploads\\\/2021\\\/06\\\/Logo_2farbig_blau-gelb_aktuell-gespiegelt.png\",\"width\":1886,\"height\":613,\"caption\":\"Logop\u00e4die Oehm & Sommer\"},\"image\":{\"@id\":\"https:\\\/\\\/wp.sprachtherapie-duisburg.de\\\/aktuelles\\\/#\\\/schema\\\/logo\\\/image\\\/\"},\"sameAs\":[\"https:\\\/\\\/www.facebook.com\\\/logoos\"]},{\"@type\":\"Person\",\"@id\":\"https:\\\/\\\/wp.sprachtherapie-duisburg.de\\\/aktuelles\\\/#\\\/schema\\\/person\\\/ba61ffba5ba6fd3613afbd21fecf58a5\",\"name\":\"OS\",\"image\":{\"@type\":\"ImageObject\",\"inLanguage\":\"de\",\"@id\":\"https:\\\/\\\/secure.gravatar.com\\\/avatar\\\/28bf7015ec790a2c2688fad9f5d25304b45823f76870e97e855432dd50efb2ec?s=96&d=mm&r=g\",\"url\":\"https:\\\/\\\/secure.gravatar.com\\\/avatar\\\/28bf7015ec790a2c2688fad9f5d25304b45823f76870e97e855432dd50efb2ec?s=96&d=mm&r=g\",\"contentUrl\":\"https:\\\/\\\/secure.gravatar.com\\\/avatar\\\/28bf7015ec790a2c2688fad9f5d25304b45823f76870e97e855432dd50efb2ec?s=96&d=mm&r=g\",\"caption\":\"OS\"},\"sameAs\":[\"https:\\\/\\\/wp.sprachtherapie-duisburg.de\"]}]}<\/script>\n<!-- \/ Yoast SEO plugin. -->","yoast_head_json":{"title":"Inhouse-Semininar: Diagnose und Therapie von neurogenen Schluckst\u00f6rungen &#187; LOGOP\u00c4DIE OEHM &amp; SOMMER","robots":{"index":"index","follow":"follow","max-snippet":"max-snippet:-1","max-image-preview":"max-image-preview:large","max-video-preview":"max-video-preview:-1"},"canonical":"https:\/\/wp.sprachtherapie-duisburg.de\/aktuelles\/2025\/04\/diagnose-und-therapie-von-neurogenen-schluckstoerungen-dipl-heilpaed-uli-birkmann\/","og_locale":"de_DE","og_type":"article","og_title":"Inhouse-Semininar: Diagnose und Therapie von neurogenen Schluckst\u00f6rungen &#187; LOGOP\u00c4DIE OEHM &amp; SOMMER","og_description":"Am 4. und 5. April 2025 haben 15 Teilnehmer an der Fortbildung Diagnose und Therapie von neurogenen Schluckst\u00f6rungen mit Uli Birkmann teilgenommen. Eine Teilnehmerin beschrieb sehr passend: \u201eEs war eine tolle Fortbildung! Vorhandenes Wissen wurde aufgefrischt und erg\u00e4nzt. Uli Birkmanns kurzweiliger und gelungener Vortrag lie\u00df die Zeit wie im Flug vergehen. Neben den theoretischen Ausf\u00fchrungen...","og_url":"https:\/\/wp.sprachtherapie-duisburg.de\/aktuelles\/2025\/04\/diagnose-und-therapie-von-neurogenen-schluckstoerungen-dipl-heilpaed-uli-birkmann\/","og_site_name":"LOGOP\u00c4DIE OEHM &amp; SOMMER","article_publisher":"https:\/\/www.facebook.com\/logoos","article_published_time":"2025-04-07T08:32:28+00:00","article_modified_time":"2025-04-13T08:46:52+00:00","og_image":[{"width":303,"height":364,"url":"https:\/\/wp.sprachtherapie-duisburg.de\/wp-content\/uploads\/2025\/04\/Querschnitt-Kopf.png","type":"image\/png"}],"author":"OS","twitter_card":"summary_large_image","twitter_misc":{"Verfasst von":"OS","Gesch\u00e4tzte Lesezeit":"1\u00a0Minute"},"schema":{"@context":"https:\/\/schema.org","@graph":[{"@type":"NewsArticle","@id":"https:\/\/wp.sprachtherapie-duisburg.de\/aktuelles\/2025\/04\/diagnose-und-therapie-von-neurogenen-schluckstoerungen-dipl-heilpaed-uli-birkmann\/#article","isPartOf":{"@id":"https:\/\/wp.sprachtherapie-duisburg.de\/aktuelles\/2025\/04\/diagnose-und-therapie-von-neurogenen-schluckstoerungen-dipl-heilpaed-uli-birkmann\/"},"author":{"name":"OS","@id":"https:\/\/wp.sprachtherapie-duisburg.de\/aktuelles\/#\/schema\/person\/ba61ffba5ba6fd3613afbd21fecf58a5"},"headline":"Inhouse-Semininar: Diagnose und Therapie von neurogenen Schluckst\u00f6rungen","datePublished":"2025-04-07T08:32:28+00:00","dateModified":"2025-04-13T08:46:52+00:00","mainEntityOfPage":{"@id":"https:\/\/wp.sprachtherapie-duisburg.de\/aktuelles\/2025\/04\/diagnose-und-therapie-von-neurogenen-schluckstoerungen-dipl-heilpaed-uli-birkmann\/"},"wordCount":101,"publisher":{"@id":"https:\/\/wp.sprachtherapie-duisburg.de\/aktuelles\/#organization"},"image":{"@id":"https:\/\/wp.sprachtherapie-duisburg.de\/aktuelles\/2025\/04\/diagnose-und-therapie-von-neurogenen-schluckstoerungen-dipl-heilpaed-uli-birkmann\/#primaryimage"},"thumbnailUrl":"https:\/\/i0.wp.com\/wp.sprachtherapie-duisburg.de\/wp-content\/uploads\/2025\/04\/Querschnitt-Kopf.png?fit=303%2C364&ssl=1","keywords":["Diagnose","Dysphagie","Schluckst\u00f6rungen"],"articleSection":["Beitr\u00e4ge"],"inLanguage":"de"},{"@type":["WebPage","MedicalWebPage"],"@id":"https:\/\/wp.sprachtherapie-duisburg.de\/aktuelles\/2025\/04\/diagnose-und-therapie-von-neurogenen-schluckstoerungen-dipl-heilpaed-uli-birkmann\/","url":"https:\/\/wp.sprachtherapie-duisburg.de\/aktuelles\/2025\/04\/diagnose-und-therapie-von-neurogenen-schluckstoerungen-dipl-heilpaed-uli-birkmann\/","name":"Inhouse-Semininar: Diagnose und Therapie von neurogenen Schluckst\u00f6rungen &#187; LOGOP\u00c4DIE OEHM &amp; SOMMER","isPartOf":{"@id":"https:\/\/wp.sprachtherapie-duisburg.de\/aktuelles\/#website"},"primaryImageOfPage":{"@id":"https:\/\/wp.sprachtherapie-duisburg.de\/aktuelles\/2025\/04\/diagnose-und-therapie-von-neurogenen-schluckstoerungen-dipl-heilpaed-uli-birkmann\/#primaryimage"},"image":{"@id":"https:\/\/wp.sprachtherapie-duisburg.de\/aktuelles\/2025\/04\/diagnose-und-therapie-von-neurogenen-schluckstoerungen-dipl-heilpaed-uli-birkmann\/#primaryimage"},"thumbnailUrl":"https:\/\/i0.wp.com\/wp.sprachtherapie-duisburg.de\/wp-content\/uploads\/2025\/04\/Querschnitt-Kopf.png?fit=303%2C364&ssl=1","datePublished":"2025-04-07T08:32:28+00:00","dateModified":"2025-04-13T08:46:52+00:00","breadcrumb":{"@id":"https:\/\/wp.sprachtherapie-duisburg.de\/aktuelles\/2025\/04\/diagnose-und-therapie-von-neurogenen-schluckstoerungen-dipl-heilpaed-uli-birkmann\/#breadcrumb"},"inLanguage":"de","potentialAction":[{"@type":"ReadAction","target":["https:\/\/wp.sprachtherapie-duisburg.de\/aktuelles\/2025\/04\/diagnose-und-therapie-von-neurogenen-schluckstoerungen-dipl-heilpaed-uli-birkmann\/"]}]},{"@type":"ImageObject","inLanguage":"de","@id":"https:\/\/wp.sprachtherapie-duisburg.de\/aktuelles\/2025\/04\/diagnose-und-therapie-von-neurogenen-schluckstoerungen-dipl-heilpaed-uli-birkmann\/#primaryimage","url":"https:\/\/i0.wp.com\/wp.sprachtherapie-duisburg.de\/wp-content\/uploads\/2025\/04\/Querschnitt-Kopf.png?fit=303%2C364&ssl=1","contentUrl":"https:\/\/i0.wp.com\/wp.sprachtherapie-duisburg.de\/wp-content\/uploads\/2025\/04\/Querschnitt-Kopf.png?fit=303%2C364&ssl=1","width":303,"height":364},{"@type":"BreadcrumbList","@id":"https:\/\/wp.sprachtherapie-duisburg.de\/aktuelles\/2025\/04\/diagnose-und-therapie-von-neurogenen-schluckstoerungen-dipl-heilpaed-uli-birkmann\/#breadcrumb","itemListElement":[{"@type":"ListItem","position":1,"name":"Startseite","item":"https:\/\/wp.sprachtherapie-duisburg.de\/aktuelles\/"},{"@type":"ListItem","position":2,"name":"Inhouse-Semininar: Diagnose und Therapie von neurogenen Schluckst\u00f6rungen"}]},{"@type":"WebSite","@id":"https:\/\/wp.sprachtherapie-duisburg.de\/aktuelles\/#website","url":"https:\/\/wp.sprachtherapie-duisburg.de\/aktuelles\/","name":"LOGOP\u00c4DIE OEHM &amp; SOMMER","description":"Sprachtherapie in Duisburg und Dinslaken","publisher":{"@id":"https:\/\/wp.sprachtherapie-duisburg.de\/aktuelles\/#organization"},"potentialAction":[{"@type":"SearchAction","target":{"@type":"EntryPoint","urlTemplate":"https:\/\/wp.sprachtherapie-duisburg.de\/aktuelles\/?s={search_term_string}"},"query-input":{"@type":"PropertyValueSpecification","valueRequired":true,"valueName":"search_term_string"}}],"inLanguage":"de"},{"@type":"Organization","@id":"https:\/\/wp.sprachtherapie-duisburg.de\/aktuelles\/#organization","name":"Logop\u00e4die Oehm & Sommer","url":"https:\/\/wp.sprachtherapie-duisburg.de\/aktuelles\/","logo":{"@type":"ImageObject","inLanguage":"de","@id":"https:\/\/wp.sprachtherapie-duisburg.de\/aktuelles\/#\/schema\/logo\/image\/","url":"https:\/\/wp.sprachtherapie-duisburg.de\/wp-content\/uploads\/2021\/06\/Logo_2farbig_blau-gelb_aktuell-gespiegelt.png","contentUrl":"https:\/\/wp.sprachtherapie-duisburg.de\/wp-content\/uploads\/2021\/06\/Logo_2farbig_blau-gelb_aktuell-gespiegelt.png","width":1886,"height":613,"caption":"Logop\u00e4die Oehm & Sommer"},"image":{"@id":"https:\/\/wp.sprachtherapie-duisburg.de\/aktuelles\/#\/schema\/logo\/image\/"},"sameAs":["https:\/\/www.facebook.com\/logoos"]},{"@type":"Person","@id":"https:\/\/wp.sprachtherapie-duisburg.de\/aktuelles\/#\/schema\/person\/ba61ffba5ba6fd3613afbd21fecf58a5","name":"OS","image":{"@type":"ImageObject","inLanguage":"de","@id":"https:\/\/secure.gravatar.com\/avatar\/28bf7015ec790a2c2688fad9f5d25304b45823f76870e97e855432dd50efb2ec?s=96&d=mm&r=g","url":"https:\/\/secure.gravatar.com\/avatar\/28bf7015ec790a2c2688fad9f5d25304b45823f76870e97e855432dd50efb2ec?s=96&d=mm&r=g","contentUrl":"https:\/\/secure.gravatar.com\/avatar\/28bf7015ec790a2c2688fad9f5d25304b45823f76870e97e855432dd50efb2ec?s=96&d=mm&r=g","caption":"OS"},"sameAs":["https:\/\/wp.sprachtherapie-duisburg.de"]}]}},"jetpack_featured_media_url":"https:\/\/i0.wp.com\/wp.sprachtherapie-duisburg.de\/wp-content\/uploads\/2025\/04\/Querschnitt-Kopf.png?fit=303%2C364&ssl=1","jetpack-related-posts":[{"id":1618,"url":"https:\/\/wp.sprachtherapie-duisburg.de\/aktuelles\/2025\/08\/inhouse-seminar-von-der-fees-zur-therapie\/","url_meta":{"origin":1543,"position":0},"title":"Inhouse-Seminar: Von der FEES zur Therapie","author":"OS","date":"10. August 2025","format":false,"excerpt":"Als direkte Fortsetzung des Einf\u00fchrungskurses \u201eDiagnose und Therapie von neurogenen Schluckst\u00f6rungen\u201c am 04. und 05. April 2025 mit Seminarleiter Ulrich Birkmann\u00a0fand am 4.8.2025 der Aufbaukurs \"Von der FEES zur Therapie\" in unserem Seminarraum in Dinslaken-Eppinghoven statt. Kernthemen waren die notwendigen Hilfsmittel und deren Handhabung sowie zahlreiche praktische \u00dcbungen f\u00fcr die\u2026","rel":"","context":"In &quot;Beitr\u00e4ge&quot;","block_context":{"text":"Beitr\u00e4ge","link":"https:\/\/wp.sprachtherapie-duisburg.de\/aktuelles\/kategorie\/beitraege\/"},"img":{"alt_text":"Seminarleiter Ulrich Birkmann mit Praxisinhaberin Claudia Sommer","src":"https:\/\/i0.wp.com\/wp.sprachtherapie-duisburg.de\/wp-content\/uploads\/2025\/08\/IMG_0841-scaled.jpeg?fit=1200%2C675&ssl=1&resize=350%2C200","width":350,"height":200,"srcset":"https:\/\/i0.wp.com\/wp.sprachtherapie-duisburg.de\/wp-content\/uploads\/2025\/08\/IMG_0841-scaled.jpeg?fit=1200%2C675&ssl=1&resize=350%2C200 1x, https:\/\/i0.wp.com\/wp.sprachtherapie-duisburg.de\/wp-content\/uploads\/2025\/08\/IMG_0841-scaled.jpeg?fit=1200%2C675&ssl=1&resize=525%2C300 1.5x, https:\/\/i0.wp.com\/wp.sprachtherapie-duisburg.de\/wp-content\/uploads\/2025\/08\/IMG_0841-scaled.jpeg?fit=1200%2C675&ssl=1&resize=700%2C400 2x, https:\/\/i0.wp.com\/wp.sprachtherapie-duisburg.de\/wp-content\/uploads\/2025\/08\/IMG_0841-scaled.jpeg?fit=1200%2C675&ssl=1&resize=1050%2C600 3x"},"classes":[]},{"id":1101,"url":"https:\/\/wp.sprachtherapie-duisburg.de\/aktuelles\/2022\/07\/fortbildung-zum-thema-therapie-von-lesestoerungen\/","url_meta":{"origin":1543,"position":1},"title":"Fortbildung zum Thema Therapie von Lesest\u00f6rungen","author":"OS","date":"5. Juli 2022","format":false,"excerpt":"Am 4. Juli hat Herr Dipl.Ing. T. Barner vom Institut f\u00fcr Soziale P\u00e4diatrie und Jugendmedizin (M\u00fcnchen) das gesamte Therapeuten-Team zum Thema Therapie von Lesest\u00f6rungen nach der Methode von Prof. R. Werth auf den aktuellsten wissenschaftlichen Stand gebracht. Er referierte \u00fcber Ursachen, Diagnose- und Therapiem\u00f6glichkeiten von Lesest\u00f6rungen f\u00fcr betroffene Kinder und\u2026","rel":"","context":"In &quot;Beitr\u00e4ge&quot;","block_context":{"text":"Beitr\u00e4ge","link":"https:\/\/wp.sprachtherapie-duisburg.de\/aktuelles\/kategorie\/beitraege\/"},"img":{"alt_text":"","src":"","width":0,"height":0},"classes":[]},{"id":1548,"url":"https:\/\/wp.sprachtherapie-duisburg.de\/aktuelles\/2025\/04\/erfolgreiche-teilnahme-unserer-praxen-am-ersten-gesundheitstag-am-5-april-im-wasserschlosss-haus-wohnung-in-voerde\/","url_meta":{"origin":1543,"position":2},"title":"Erfolgreiche Teilnahme unserer Praxen am Ersten Gesundheitstag am 5. April im Wasserschlosss Haus Wohnung in Voerde.","author":"OS","date":"6. April 2025","format":false,"excerpt":"Unter dem Motto \u201eGut informiert\u201c startete der erste Tag rund um Gesundheit und ganzheitliche Versorgung im Gro\u00dfraum Voerde. Bei herrlichem Wetter in einer sch\u00f6nen Atmosph\u00e4re gab es nette Gespr\u00e4che und neue Kontakte. Ehemalige Patienten kamen auf ein Wiedersehen vorbei. Herzlichen Dank an Alle, die diesen Tag organisiert und unterst\u00fctzt haben.\u2026","rel":"","context":"In &quot;Beitr\u00e4ge&quot;","block_context":{"text":"Beitr\u00e4ge","link":"https:\/\/wp.sprachtherapie-duisburg.de\/aktuelles\/kategorie\/beitraege\/"},"img":{"alt_text":"","src":"https:\/\/i0.wp.com\/wp.sprachtherapie-duisburg.de\/wp-content\/uploads\/2025\/04\/Haus-Wohnung.jpeg?fit=900%2C1200&ssl=1&resize=350%2C200","width":350,"height":200,"srcset":"https:\/\/i0.wp.com\/wp.sprachtherapie-duisburg.de\/wp-content\/uploads\/2025\/04\/Haus-Wohnung.jpeg?fit=900%2C1200&ssl=1&resize=350%2C200 1x, https:\/\/i0.wp.com\/wp.sprachtherapie-duisburg.de\/wp-content\/uploads\/2025\/04\/Haus-Wohnung.jpeg?fit=900%2C1200&ssl=1&resize=525%2C300 1.5x, https:\/\/i0.wp.com\/wp.sprachtherapie-duisburg.de\/wp-content\/uploads\/2025\/04\/Haus-Wohnung.jpeg?fit=900%2C1200&ssl=1&resize=700%2C400 2x"},"classes":[]},{"id":1360,"url":"https:\/\/wp.sprachtherapie-duisburg.de\/aktuelles\/2023\/11\/unsere-seminare-2024-ein-ausblick\/","url_meta":{"origin":1543,"position":3},"title":"Unsere Seminare 2024 &#8211; Ein Ausblick","author":"OS","date":"3. November 2023","format":false,"excerpt":"Am 10. und 11. Februar 2024 wird die Fortbildung Fluency Shaping mit Herrn Holger Pr\u00fcss (Bonner Stottertherapie) stattfinden. Es ist die (unabh\u00e4ngige) Folgeveranstaltung des Seminars Stottermodifikation im Rahmen der Bonner Stottertherapie von Holger Pr\u00fc\u00df. Im 5. Juli. 2024 wird Frau Aichlseder, Norderstedt, eine Fortbildung zum Thema Bindungsentwicklung und Bindungstherapie nach\u2026","rel":"","context":"In &quot;Beitr\u00e4ge&quot;","block_context":{"text":"Beitr\u00e4ge","link":"https:\/\/wp.sprachtherapie-duisburg.de\/aktuelles\/kategorie\/beitraege\/"},"img":{"alt_text":"","src":"","width":0,"height":0},"classes":[]},{"id":1314,"url":"https:\/\/wp.sprachtherapie-duisburg.de\/aktuelles\/2023\/04\/stottern-junger-kinder-im-alter-von-2-7-jahre\/","url_meta":{"origin":1543,"position":4},"title":"Stottern junger Kinder im Alter von 2-7 Jahren","author":"OS","date":"11. April 2023","format":false,"excerpt":"Redeflussst\u00f6rungen Stottern und Poltern geh\u00f6ren zu den h\u00e4ufigen chronischen Erkrankungen bei Kindern, Jugendlichen und Erwachsenen. Etwa drei Viertel des Stotterns liegt bereits im Kindergartenalter vor. Die Leitlinien Redeflussst\u00f6rungen (2016) weisen auf die gro\u00dfen Chancen auf eine weitgehende oder komplettes Nachlassen f\u00fcr Stottern bei einer ad\u00e4quaten Fr\u00fchtherapie hin. (Harris et al.\u2026","rel":"","context":"In &quot;Beitr\u00e4ge&quot;","block_context":{"text":"Beitr\u00e4ge","link":"https:\/\/wp.sprachtherapie-duisburg.de\/aktuelles\/kategorie\/beitraege\/"},"img":{"alt_text":"","src":"","width":0,"height":0},"classes":[]},{"id":1292,"url":"https:\/\/wp.sprachtherapie-duisburg.de\/aktuelles\/2023\/02\/stottern-ein-eisberg\/","url_meta":{"origin":1543,"position":5},"title":"Stottern &#8211; Stottermodifikation","author":"OS","date":"20. Februar 2023","format":false,"excerpt":"Bonner Stottertherapie von Holger Pr\u00fc\u00df Zuk\u00fcnftig bieten wir die erfolgreiche Bonner Stottertherapie als ambulante Therapieform in unseren Praxen an. Daf\u00fcr haben wir Herrn Volker Pr\u00fc\u00df eingeladen, der als Selbstbetroffener die Bonner Stottertherapie entwickelt hat und uns in einer 2-teiligen Fortbildungsreihe in unseren Fortbildungsr\u00e4umen unserer Praxis in Dinslaken-Eppinghoven mit diesem erfolgreichen\u2026","rel":"","context":"In &quot;Beitr\u00e4ge&quot;","block_context":{"text":"Beitr\u00e4ge","link":"https:\/\/wp.sprachtherapie-duisburg.de\/aktuelles\/kategorie\/beitraege\/"},"img":{"alt_text":"Fortbildung Bonner Stottertherapie mit Volker Pr\u00fc\u00df","src":"https:\/\/i0.wp.com\/wp.sprachtherapie-duisburg.de\/wp-content\/uploads\/2023\/03\/Pruess-Eisberg-scaled.jpg?fit=1200%2C876&ssl=1&resize=350%2C200","width":350,"height":200,"srcset":"https:\/\/i0.wp.com\/wp.sprachtherapie-duisburg.de\/wp-content\/uploads\/2023\/03\/Pruess-Eisberg-scaled.jpg?fit=1200%2C876&ssl=1&resize=350%2C200 1x, https:\/\/i0.wp.com\/wp.sprachtherapie-duisburg.de\/wp-content\/uploads\/2023\/03\/Pruess-Eisberg-scaled.jpg?fit=1200%2C876&ssl=1&resize=525%2C300 1.5x, https:\/\/i0.wp.com\/wp.sprachtherapie-duisburg.de\/wp-content\/uploads\/2023\/03\/Pruess-Eisberg-scaled.jpg?fit=1200%2C876&ssl=1&resize=700%2C400 2x, https:\/\/i0.wp.com\/wp.sprachtherapie-duisburg.de\/wp-content\/uploads\/2023\/03\/Pruess-Eisberg-scaled.jpg?fit=1200%2C876&ssl=1&resize=1050%2C600 3x"},"classes":[]}],"jetpack_sharing_enabled":true,"_links":{"self":[{"href":"https:\/\/wp.sprachtherapie-duisburg.de\/aktuelles\/wp-json\/wp\/v2\/posts\/1543","targetHints":{"allow":["GET"]}}],"collection":[{"href":"https:\/\/wp.sprachtherapie-duisburg.de\/aktuelles\/wp-json\/wp\/v2\/posts"}],"about":[{"href":"https:\/\/wp.sprachtherapie-duisburg.de\/aktuelles\/wp-json\/wp\/v2\/types\/post"}],"author":[{"embeddable":true,"href":"https:\/\/wp.sprachtherapie-duisburg.de\/aktuelles\/wp-json\/wp\/v2\/users\/1"}],"replies":[{"embeddable":true,"href":"https:\/\/wp.sprachtherapie-duisburg.de\/aktuelles\/wp-json\/wp\/v2\/comments?post=1543"}],"version-history":[{"count":3,"href":"https:\/\/wp.sprachtherapie-duisburg.de\/aktuelles\/wp-json\/wp\/v2\/posts\/1543\/revisions"}],"predecessor-version":[{"id":1547,"href":"https:\/\/wp.sprachtherapie-duisburg.de\/aktuelles\/wp-json\/wp\/v2\/posts\/1543\/revisions\/1547"}],"wp:featuredmedia":[{"embeddable":true,"href":"https:\/\/wp.sprachtherapie-duisburg.de\/aktuelles\/wp-json\/wp\/v2\/media\/1545"}],"wp:attachment":[{"href":"https:\/\/wp.sprachtherapie-duisburg.de\/aktuelles\/wp-json\/wp\/v2\/media?parent=1543"}],"wp:term":[{"taxonomy":"category","embeddable":true,"href":"https:\/\/wp.sprachtherapie-duisburg.de\/aktuelles\/wp-json\/wp\/v2\/categories?post=1543"},{"taxonomy":"post_tag","embeddable":true,"href":"https:\/\/wp.sprachtherapie-duisburg.de\/aktuelles\/wp-json\/wp\/v2\/tags?post=1543"}],"curies":[{"name":"wp","href":"https:\/\/api.w.org\/{rel}","templated":true}]}}