{"id":1548,"date":"2025-04-06T11:38:18","date_gmt":"2025-04-06T09:38:18","guid":{"rendered":"https:\/\/wp.sprachtherapie-duisburg.de\/aktuelles\/?p=1548"},"modified":"2025-04-13T11:41:39","modified_gmt":"2025-04-13T09:41:39","slug":"erfolgreiche-teilnahme-unserer-praxen-am-ersten-gesundheitstag-am-5-april-im-wasserschlosss-haus-wohnung-in-voerde","status":"publish","type":"post","link":"https:\/\/wp.sprachtherapie-duisburg.de\/aktuelles\/2025\/04\/erfolgreiche-teilnahme-unserer-praxen-am-ersten-gesundheitstag-am-5-april-im-wasserschlosss-haus-wohnung-in-voerde\/","title":{"rendered":"Erfolgreiche Teilnahme unserer Praxen am Ersten Gesundheitstag am 5. April im Wasserschlosss Haus Wohnung in Voerde."},"content":{"rendered":"\n<p class=\"wp-block-paragraph\"><strong>Unter dem Motto \u201eGut informiert\u201c startete der erste Tag rund um Gesundheit und ganzheitliche Versorgung im Gro\u00dfraum Voerde.<\/strong><\/p>\n\n\n\n<p class=\"wp-block-paragraph\">Bei herrlichem Wetter in einer sch\u00f6nen Atmosph\u00e4re gab es nette Gespr\u00e4che und neue Kontakte. <\/p>\n\n\n\n<p class=\"wp-block-paragraph\">Ehemalige Patienten kamen auf ein Wiedersehen vorbei. <\/p>\n\n\n\n<p class=\"wp-block-paragraph\">Herzlichen Dank an Alle, die diesen Tag organisiert und unterst\u00fctzt haben.<\/p>\n\n\n\n<p class=\"wp-block-paragraph\">Veranstalter ist die <strong>Niederrheinische Akademie f\u00fcr medizinische Fort- und Weiterbildung<\/strong> &#8211; Voerde<\/p>\n\n\n\n<p class=\"wp-block-paragraph\"><\/p>\n","protected":false},"excerpt":{"rendered":"<p>Unter dem Motto \u201eGut informiert\u201c startete der erste Tag rund um Gesundheit und ganzheitliche Versorgung im Gro\u00dfraum Voerde. Bei herrlichem Wetter in einer sch\u00f6nen Atmosph\u00e4re gab es nette Gespr\u00e4che und neue Kontakte. Ehemalige Patienten kamen auf ein Wiedersehen vorbei. Herzlichen Dank an Alle, die diesen Tag organisiert und unterst\u00fctzt haben. Veranstalter ist die Niederrheinische Akademie&#8230;<\/p>\n","protected":false},"author":1,"featured_media":1550,"comment_status":"closed","ping_status":"closed","sticky":false,"template":"","format":"standard","meta":{"_crdt_document":"","_themeisle_gutenberg_block_has_review":false,"_jetpack_memberships_contains_paid_content":false,"footnotes":""},"categories":[23],"tags":[53,51,52],"class_list":["post-1548","post","type-post","status-publish","format-standard","has-post-thumbnail","hentry","category-beitraege","tag-diagnose","tag-dysphagie","tag-schluckstoerungen"],"acf":[],"yoast_head":"<!-- This site is optimized with the Yoast SEO plugin v27.5 - https:\/\/yoast.com\/product\/yoast-seo-wordpress\/ -->\n<title>Erfolgreiche Teilnahme unserer Praxen am Ersten Gesundheitstag am 5. April im Wasserschlosss Haus Wohnung in Voerde. &#187; LOGOP\u00c4DIE OEHM &amp; SOMMER<\/title>\n<meta name=\"robots\" content=\"index, follow, max-snippet:-1, max-image-preview:large, max-video-preview:-1\" \/>\n<link rel=\"canonical\" href=\"https:\/\/wp.sprachtherapie-duisburg.de\/aktuelles\/2025\/04\/erfolgreiche-teilnahme-unserer-praxen-am-ersten-gesundheitstag-am-5-april-im-wasserschlosss-haus-wohnung-in-voerde\/\" \/>\n<meta property=\"og:locale\" content=\"de_DE\" \/>\n<meta property=\"og:type\" content=\"article\" \/>\n<meta property=\"og:title\" content=\"Erfolgreiche Teilnahme unserer Praxen am Ersten Gesundheitstag am 5. April im Wasserschlosss Haus Wohnung in Voerde. &#187; LOGOP\u00c4DIE OEHM &amp; SOMMER\" \/>\n<meta property=\"og:description\" content=\"Unter dem Motto \u201eGut informiert\u201c startete der erste Tag rund um Gesundheit und ganzheitliche Versorgung im Gro\u00dfraum Voerde. Bei herrlichem Wetter in einer sch\u00f6nen Atmosph\u00e4re gab es nette Gespr\u00e4che und neue Kontakte. Ehemalige Patienten kamen auf ein Wiedersehen vorbei. Herzlichen Dank an Alle, die diesen Tag organisiert und unterst\u00fctzt haben. Veranstalter ist die Niederrheinische Akademie...\" \/>\n<meta property=\"og:url\" content=\"https:\/\/wp.sprachtherapie-duisburg.de\/aktuelles\/2025\/04\/erfolgreiche-teilnahme-unserer-praxen-am-ersten-gesundheitstag-am-5-april-im-wasserschlosss-haus-wohnung-in-voerde\/\" \/>\n<meta property=\"og:site_name\" content=\"LOGOP\u00c4DIE OEHM &amp; SOMMER\" \/>\n<meta property=\"article:publisher\" content=\"https:\/\/www.facebook.com\/logoos\" \/>\n<meta property=\"article:published_time\" content=\"2025-04-06T09:38:18+00:00\" \/>\n<meta property=\"article:modified_time\" content=\"2025-04-13T09:41:39+00:00\" \/>\n<meta property=\"og:image\" content=\"https:\/\/wp.sprachtherapie-duisburg.de\/wp-content\/uploads\/2025\/04\/Haus-Wohnung.jpeg\" \/>\n\t<meta property=\"og:image:width\" content=\"1200\" \/>\n\t<meta property=\"og:image:height\" content=\"1600\" \/>\n\t<meta property=\"og:image:type\" content=\"image\/jpeg\" \/>\n<meta name=\"author\" content=\"OS\" \/>\n<meta name=\"twitter:card\" content=\"summary_large_image\" \/>\n<meta name=\"twitter:label1\" content=\"Verfasst von\" \/>\n\t<meta name=\"twitter:data1\" content=\"OS\" \/>\n\t<meta name=\"twitter:label2\" content=\"Gesch\u00e4tzte Lesezeit\" \/>\n\t<meta name=\"twitter:data2\" content=\"1\u00a0Minute\" \/>\n<script type=\"application\/ld+json\" class=\"yoast-schema-graph\">{\"@context\":\"https:\\\/\\\/schema.org\",\"@graph\":[{\"@type\":\"NewsArticle\",\"@id\":\"https:\\\/\\\/wp.sprachtherapie-duisburg.de\\\/aktuelles\\\/2025\\\/04\\\/erfolgreiche-teilnahme-unserer-praxen-am-ersten-gesundheitstag-am-5-april-im-wasserschlosss-haus-wohnung-in-voerde\\\/#article\",\"isPartOf\":{\"@id\":\"https:\\\/\\\/wp.sprachtherapie-duisburg.de\\\/aktuelles\\\/2025\\\/04\\\/erfolgreiche-teilnahme-unserer-praxen-am-ersten-gesundheitstag-am-5-april-im-wasserschlosss-haus-wohnung-in-voerde\\\/\"},\"author\":{\"name\":\"OS\",\"@id\":\"https:\\\/\\\/wp.sprachtherapie-duisburg.de\\\/aktuelles\\\/#\\\/schema\\\/person\\\/ba61ffba5ba6fd3613afbd21fecf58a5\"},\"headline\":\"Erfolgreiche Teilnahme unserer Praxen am Ersten Gesundheitstag am 5. April im Wasserschlosss Haus Wohnung in Voerde.\",\"datePublished\":\"2025-04-06T09:38:18+00:00\",\"dateModified\":\"2025-04-13T09:41:39+00:00\",\"mainEntityOfPage\":{\"@id\":\"https:\\\/\\\/wp.sprachtherapie-duisburg.de\\\/aktuelles\\\/2025\\\/04\\\/erfolgreiche-teilnahme-unserer-praxen-am-ersten-gesundheitstag-am-5-april-im-wasserschlosss-haus-wohnung-in-voerde\\\/\"},\"wordCount\":83,\"publisher\":{\"@id\":\"https:\\\/\\\/wp.sprachtherapie-duisburg.de\\\/aktuelles\\\/#organization\"},\"image\":{\"@id\":\"https:\\\/\\\/wp.sprachtherapie-duisburg.de\\\/aktuelles\\\/2025\\\/04\\\/erfolgreiche-teilnahme-unserer-praxen-am-ersten-gesundheitstag-am-5-april-im-wasserschlosss-haus-wohnung-in-voerde\\\/#primaryimage\"},\"thumbnailUrl\":\"https:\\\/\\\/i0.wp.com\\\/wp.sprachtherapie-duisburg.de\\\/wp-content\\\/uploads\\\/2025\\\/04\\\/Haus-Wohnung.jpeg?fit=1200%2C1600&ssl=1\",\"keywords\":[\"Diagnose\",\"Dysphagie\",\"Schluckst\u00f6rungen\"],\"articleSection\":[\"Beitr\u00e4ge\"],\"inLanguage\":\"de\"},{\"@type\":[\"WebPage\",\"MedicalWebPage\"],\"@id\":\"https:\\\/\\\/wp.sprachtherapie-duisburg.de\\\/aktuelles\\\/2025\\\/04\\\/erfolgreiche-teilnahme-unserer-praxen-am-ersten-gesundheitstag-am-5-april-im-wasserschlosss-haus-wohnung-in-voerde\\\/\",\"url\":\"https:\\\/\\\/wp.sprachtherapie-duisburg.de\\\/aktuelles\\\/2025\\\/04\\\/erfolgreiche-teilnahme-unserer-praxen-am-ersten-gesundheitstag-am-5-april-im-wasserschlosss-haus-wohnung-in-voerde\\\/\",\"name\":\"Erfolgreiche Teilnahme unserer Praxen am Ersten Gesundheitstag am 5. April im Wasserschlosss Haus Wohnung in Voerde. &#187; LOGOP\u00c4DIE OEHM &amp; SOMMER\",\"isPartOf\":{\"@id\":\"https:\\\/\\\/wp.sprachtherapie-duisburg.de\\\/aktuelles\\\/#website\"},\"primaryImageOfPage\":{\"@id\":\"https:\\\/\\\/wp.sprachtherapie-duisburg.de\\\/aktuelles\\\/2025\\\/04\\\/erfolgreiche-teilnahme-unserer-praxen-am-ersten-gesundheitstag-am-5-april-im-wasserschlosss-haus-wohnung-in-voerde\\\/#primaryimage\"},\"image\":{\"@id\":\"https:\\\/\\\/wp.sprachtherapie-duisburg.de\\\/aktuelles\\\/2025\\\/04\\\/erfolgreiche-teilnahme-unserer-praxen-am-ersten-gesundheitstag-am-5-april-im-wasserschlosss-haus-wohnung-in-voerde\\\/#primaryimage\"},\"thumbnailUrl\":\"https:\\\/\\\/i0.wp.com\\\/wp.sprachtherapie-duisburg.de\\\/wp-content\\\/uploads\\\/2025\\\/04\\\/Haus-Wohnung.jpeg?fit=1200%2C1600&ssl=1\",\"datePublished\":\"2025-04-06T09:38:18+00:00\",\"dateModified\":\"2025-04-13T09:41:39+00:00\",\"breadcrumb\":{\"@id\":\"https:\\\/\\\/wp.sprachtherapie-duisburg.de\\\/aktuelles\\\/2025\\\/04\\\/erfolgreiche-teilnahme-unserer-praxen-am-ersten-gesundheitstag-am-5-april-im-wasserschlosss-haus-wohnung-in-voerde\\\/#breadcrumb\"},\"inLanguage\":\"de\",\"potentialAction\":[{\"@type\":\"ReadAction\",\"target\":[\"https:\\\/\\\/wp.sprachtherapie-duisburg.de\\\/aktuelles\\\/2025\\\/04\\\/erfolgreiche-teilnahme-unserer-praxen-am-ersten-gesundheitstag-am-5-april-im-wasserschlosss-haus-wohnung-in-voerde\\\/\"]}]},{\"@type\":\"ImageObject\",\"inLanguage\":\"de\",\"@id\":\"https:\\\/\\\/wp.sprachtherapie-duisburg.de\\\/aktuelles\\\/2025\\\/04\\\/erfolgreiche-teilnahme-unserer-praxen-am-ersten-gesundheitstag-am-5-april-im-wasserschlosss-haus-wohnung-in-voerde\\\/#primaryimage\",\"url\":\"https:\\\/\\\/i0.wp.com\\\/wp.sprachtherapie-duisburg.de\\\/wp-content\\\/uploads\\\/2025\\\/04\\\/Haus-Wohnung.jpeg?fit=1200%2C1600&ssl=1\",\"contentUrl\":\"https:\\\/\\\/i0.wp.com\\\/wp.sprachtherapie-duisburg.de\\\/wp-content\\\/uploads\\\/2025\\\/04\\\/Haus-Wohnung.jpeg?fit=1200%2C1600&ssl=1\",\"width\":1200,\"height\":1600},{\"@type\":\"BreadcrumbList\",\"@id\":\"https:\\\/\\\/wp.sprachtherapie-duisburg.de\\\/aktuelles\\\/2025\\\/04\\\/erfolgreiche-teilnahme-unserer-praxen-am-ersten-gesundheitstag-am-5-april-im-wasserschlosss-haus-wohnung-in-voerde\\\/#breadcrumb\",\"itemListElement\":[{\"@type\":\"ListItem\",\"position\":1,\"name\":\"Startseite\",\"item\":\"https:\\\/\\\/wp.sprachtherapie-duisburg.de\\\/aktuelles\\\/\"},{\"@type\":\"ListItem\",\"position\":2,\"name\":\"Erfolgreiche Teilnahme unserer Praxen am Ersten Gesundheitstag am 5. April im Wasserschlosss Haus Wohnung in Voerde.\"}]},{\"@type\":\"WebSite\",\"@id\":\"https:\\\/\\\/wp.sprachtherapie-duisburg.de\\\/aktuelles\\\/#website\",\"url\":\"https:\\\/\\\/wp.sprachtherapie-duisburg.de\\\/aktuelles\\\/\",\"name\":\"LOGOP\u00c4DIE OEHM &amp; SOMMER\",\"description\":\"Sprachtherapie in Duisburg und Dinslaken\",\"publisher\":{\"@id\":\"https:\\\/\\\/wp.sprachtherapie-duisburg.de\\\/aktuelles\\\/#organization\"},\"potentialAction\":[{\"@type\":\"SearchAction\",\"target\":{\"@type\":\"EntryPoint\",\"urlTemplate\":\"https:\\\/\\\/wp.sprachtherapie-duisburg.de\\\/aktuelles\\\/?s={search_term_string}\"},\"query-input\":{\"@type\":\"PropertyValueSpecification\",\"valueRequired\":true,\"valueName\":\"search_term_string\"}}],\"inLanguage\":\"de\"},{\"@type\":\"Organization\",\"@id\":\"https:\\\/\\\/wp.sprachtherapie-duisburg.de\\\/aktuelles\\\/#organization\",\"name\":\"Logop\u00e4die Oehm & Sommer\",\"url\":\"https:\\\/\\\/wp.sprachtherapie-duisburg.de\\\/aktuelles\\\/\",\"logo\":{\"@type\":\"ImageObject\",\"inLanguage\":\"de\",\"@id\":\"https:\\\/\\\/wp.sprachtherapie-duisburg.de\\\/aktuelles\\\/#\\\/schema\\\/logo\\\/image\\\/\",\"url\":\"https:\\\/\\\/wp.sprachtherapie-duisburg.de\\\/wp-content\\\/uploads\\\/2021\\\/06\\\/Logo_2farbig_blau-gelb_aktuell-gespiegelt.png\",\"contentUrl\":\"https:\\\/\\\/wp.sprachtherapie-duisburg.de\\\/wp-content\\\/uploads\\\/2021\\\/06\\\/Logo_2farbig_blau-gelb_aktuell-gespiegelt.png\",\"width\":1886,\"height\":613,\"caption\":\"Logop\u00e4die Oehm & Sommer\"},\"image\":{\"@id\":\"https:\\\/\\\/wp.sprachtherapie-duisburg.de\\\/aktuelles\\\/#\\\/schema\\\/logo\\\/image\\\/\"},\"sameAs\":[\"https:\\\/\\\/www.facebook.com\\\/logoos\"]},{\"@type\":\"Person\",\"@id\":\"https:\\\/\\\/wp.sprachtherapie-duisburg.de\\\/aktuelles\\\/#\\\/schema\\\/person\\\/ba61ffba5ba6fd3613afbd21fecf58a5\",\"name\":\"OS\",\"image\":{\"@type\":\"ImageObject\",\"inLanguage\":\"de\",\"@id\":\"https:\\\/\\\/secure.gravatar.com\\\/avatar\\\/28bf7015ec790a2c2688fad9f5d25304b45823f76870e97e855432dd50efb2ec?s=96&d=mm&r=g\",\"url\":\"https:\\\/\\\/secure.gravatar.com\\\/avatar\\\/28bf7015ec790a2c2688fad9f5d25304b45823f76870e97e855432dd50efb2ec?s=96&d=mm&r=g\",\"contentUrl\":\"https:\\\/\\\/secure.gravatar.com\\\/avatar\\\/28bf7015ec790a2c2688fad9f5d25304b45823f76870e97e855432dd50efb2ec?s=96&d=mm&r=g\",\"caption\":\"OS\"},\"sameAs\":[\"https:\\\/\\\/wp.sprachtherapie-duisburg.de\"]}]}<\/script>\n<!-- \/ Yoast SEO plugin. -->","yoast_head_json":{"title":"Erfolgreiche Teilnahme unserer Praxen am Ersten Gesundheitstag am 5. April im Wasserschlosss Haus Wohnung in Voerde. &#187; LOGOP\u00c4DIE OEHM &amp; SOMMER","robots":{"index":"index","follow":"follow","max-snippet":"max-snippet:-1","max-image-preview":"max-image-preview:large","max-video-preview":"max-video-preview:-1"},"canonical":"https:\/\/wp.sprachtherapie-duisburg.de\/aktuelles\/2025\/04\/erfolgreiche-teilnahme-unserer-praxen-am-ersten-gesundheitstag-am-5-april-im-wasserschlosss-haus-wohnung-in-voerde\/","og_locale":"de_DE","og_type":"article","og_title":"Erfolgreiche Teilnahme unserer Praxen am Ersten Gesundheitstag am 5. April im Wasserschlosss Haus Wohnung in Voerde. &#187; LOGOP\u00c4DIE OEHM &amp; SOMMER","og_description":"Unter dem Motto \u201eGut informiert\u201c startete der erste Tag rund um Gesundheit und ganzheitliche Versorgung im Gro\u00dfraum Voerde. Bei herrlichem Wetter in einer sch\u00f6nen Atmosph\u00e4re gab es nette Gespr\u00e4che und neue Kontakte. Ehemalige Patienten kamen auf ein Wiedersehen vorbei. Herzlichen Dank an Alle, die diesen Tag organisiert und unterst\u00fctzt haben. Veranstalter ist die Niederrheinische Akademie...","og_url":"https:\/\/wp.sprachtherapie-duisburg.de\/aktuelles\/2025\/04\/erfolgreiche-teilnahme-unserer-praxen-am-ersten-gesundheitstag-am-5-april-im-wasserschlosss-haus-wohnung-in-voerde\/","og_site_name":"LOGOP\u00c4DIE OEHM &amp; SOMMER","article_publisher":"https:\/\/www.facebook.com\/logoos","article_published_time":"2025-04-06T09:38:18+00:00","article_modified_time":"2025-04-13T09:41:39+00:00","og_image":[{"width":1200,"height":1600,"url":"https:\/\/wp.sprachtherapie-duisburg.de\/wp-content\/uploads\/2025\/04\/Haus-Wohnung.jpeg","type":"image\/jpeg"}],"author":"OS","twitter_card":"summary_large_image","twitter_misc":{"Verfasst von":"OS","Gesch\u00e4tzte Lesezeit":"1\u00a0Minute"},"schema":{"@context":"https:\/\/schema.org","@graph":[{"@type":"NewsArticle","@id":"https:\/\/wp.sprachtherapie-duisburg.de\/aktuelles\/2025\/04\/erfolgreiche-teilnahme-unserer-praxen-am-ersten-gesundheitstag-am-5-april-im-wasserschlosss-haus-wohnung-in-voerde\/#article","isPartOf":{"@id":"https:\/\/wp.sprachtherapie-duisburg.de\/aktuelles\/2025\/04\/erfolgreiche-teilnahme-unserer-praxen-am-ersten-gesundheitstag-am-5-april-im-wasserschlosss-haus-wohnung-in-voerde\/"},"author":{"name":"OS","@id":"https:\/\/wp.sprachtherapie-duisburg.de\/aktuelles\/#\/schema\/person\/ba61ffba5ba6fd3613afbd21fecf58a5"},"headline":"Erfolgreiche Teilnahme unserer Praxen am Ersten Gesundheitstag am 5. April im Wasserschlosss Haus Wohnung in Voerde.","datePublished":"2025-04-06T09:38:18+00:00","dateModified":"2025-04-13T09:41:39+00:00","mainEntityOfPage":{"@id":"https:\/\/wp.sprachtherapie-duisburg.de\/aktuelles\/2025\/04\/erfolgreiche-teilnahme-unserer-praxen-am-ersten-gesundheitstag-am-5-april-im-wasserschlosss-haus-wohnung-in-voerde\/"},"wordCount":83,"publisher":{"@id":"https:\/\/wp.sprachtherapie-duisburg.de\/aktuelles\/#organization"},"image":{"@id":"https:\/\/wp.sprachtherapie-duisburg.de\/aktuelles\/2025\/04\/erfolgreiche-teilnahme-unserer-praxen-am-ersten-gesundheitstag-am-5-april-im-wasserschlosss-haus-wohnung-in-voerde\/#primaryimage"},"thumbnailUrl":"https:\/\/i0.wp.com\/wp.sprachtherapie-duisburg.de\/wp-content\/uploads\/2025\/04\/Haus-Wohnung.jpeg?fit=1200%2C1600&ssl=1","keywords":["Diagnose","Dysphagie","Schluckst\u00f6rungen"],"articleSection":["Beitr\u00e4ge"],"inLanguage":"de"},{"@type":["WebPage","MedicalWebPage"],"@id":"https:\/\/wp.sprachtherapie-duisburg.de\/aktuelles\/2025\/04\/erfolgreiche-teilnahme-unserer-praxen-am-ersten-gesundheitstag-am-5-april-im-wasserschlosss-haus-wohnung-in-voerde\/","url":"https:\/\/wp.sprachtherapie-duisburg.de\/aktuelles\/2025\/04\/erfolgreiche-teilnahme-unserer-praxen-am-ersten-gesundheitstag-am-5-april-im-wasserschlosss-haus-wohnung-in-voerde\/","name":"Erfolgreiche Teilnahme unserer Praxen am Ersten Gesundheitstag am 5. April im Wasserschlosss Haus Wohnung in Voerde. &#187; LOGOP\u00c4DIE OEHM &amp; SOMMER","isPartOf":{"@id":"https:\/\/wp.sprachtherapie-duisburg.de\/aktuelles\/#website"},"primaryImageOfPage":{"@id":"https:\/\/wp.sprachtherapie-duisburg.de\/aktuelles\/2025\/04\/erfolgreiche-teilnahme-unserer-praxen-am-ersten-gesundheitstag-am-5-april-im-wasserschlosss-haus-wohnung-in-voerde\/#primaryimage"},"image":{"@id":"https:\/\/wp.sprachtherapie-duisburg.de\/aktuelles\/2025\/04\/erfolgreiche-teilnahme-unserer-praxen-am-ersten-gesundheitstag-am-5-april-im-wasserschlosss-haus-wohnung-in-voerde\/#primaryimage"},"thumbnailUrl":"https:\/\/i0.wp.com\/wp.sprachtherapie-duisburg.de\/wp-content\/uploads\/2025\/04\/Haus-Wohnung.jpeg?fit=1200%2C1600&ssl=1","datePublished":"2025-04-06T09:38:18+00:00","dateModified":"2025-04-13T09:41:39+00:00","breadcrumb":{"@id":"https:\/\/wp.sprachtherapie-duisburg.de\/aktuelles\/2025\/04\/erfolgreiche-teilnahme-unserer-praxen-am-ersten-gesundheitstag-am-5-april-im-wasserschlosss-haus-wohnung-in-voerde\/#breadcrumb"},"inLanguage":"de","potentialAction":[{"@type":"ReadAction","target":["https:\/\/wp.sprachtherapie-duisburg.de\/aktuelles\/2025\/04\/erfolgreiche-teilnahme-unserer-praxen-am-ersten-gesundheitstag-am-5-april-im-wasserschlosss-haus-wohnung-in-voerde\/"]}]},{"@type":"ImageObject","inLanguage":"de","@id":"https:\/\/wp.sprachtherapie-duisburg.de\/aktuelles\/2025\/04\/erfolgreiche-teilnahme-unserer-praxen-am-ersten-gesundheitstag-am-5-april-im-wasserschlosss-haus-wohnung-in-voerde\/#primaryimage","url":"https:\/\/i0.wp.com\/wp.sprachtherapie-duisburg.de\/wp-content\/uploads\/2025\/04\/Haus-Wohnung.jpeg?fit=1200%2C1600&ssl=1","contentUrl":"https:\/\/i0.wp.com\/wp.sprachtherapie-duisburg.de\/wp-content\/uploads\/2025\/04\/Haus-Wohnung.jpeg?fit=1200%2C1600&ssl=1","width":1200,"height":1600},{"@type":"BreadcrumbList","@id":"https:\/\/wp.sprachtherapie-duisburg.de\/aktuelles\/2025\/04\/erfolgreiche-teilnahme-unserer-praxen-am-ersten-gesundheitstag-am-5-april-im-wasserschlosss-haus-wohnung-in-voerde\/#breadcrumb","itemListElement":[{"@type":"ListItem","position":1,"name":"Startseite","item":"https:\/\/wp.sprachtherapie-duisburg.de\/aktuelles\/"},{"@type":"ListItem","position":2,"name":"Erfolgreiche Teilnahme unserer Praxen am Ersten Gesundheitstag am 5. April im Wasserschlosss Haus Wohnung in Voerde."}]},{"@type":"WebSite","@id":"https:\/\/wp.sprachtherapie-duisburg.de\/aktuelles\/#website","url":"https:\/\/wp.sprachtherapie-duisburg.de\/aktuelles\/","name":"LOGOP\u00c4DIE OEHM &amp; SOMMER","description":"Sprachtherapie in Duisburg und Dinslaken","publisher":{"@id":"https:\/\/wp.sprachtherapie-duisburg.de\/aktuelles\/#organization"},"potentialAction":[{"@type":"SearchAction","target":{"@type":"EntryPoint","urlTemplate":"https:\/\/wp.sprachtherapie-duisburg.de\/aktuelles\/?s={search_term_string}"},"query-input":{"@type":"PropertyValueSpecification","valueRequired":true,"valueName":"search_term_string"}}],"inLanguage":"de"},{"@type":"Organization","@id":"https:\/\/wp.sprachtherapie-duisburg.de\/aktuelles\/#organization","name":"Logop\u00e4die Oehm & Sommer","url":"https:\/\/wp.sprachtherapie-duisburg.de\/aktuelles\/","logo":{"@type":"ImageObject","inLanguage":"de","@id":"https:\/\/wp.sprachtherapie-duisburg.de\/aktuelles\/#\/schema\/logo\/image\/","url":"https:\/\/wp.sprachtherapie-duisburg.de\/wp-content\/uploads\/2021\/06\/Logo_2farbig_blau-gelb_aktuell-gespiegelt.png","contentUrl":"https:\/\/wp.sprachtherapie-duisburg.de\/wp-content\/uploads\/2021\/06\/Logo_2farbig_blau-gelb_aktuell-gespiegelt.png","width":1886,"height":613,"caption":"Logop\u00e4die Oehm & Sommer"},"image":{"@id":"https:\/\/wp.sprachtherapie-duisburg.de\/aktuelles\/#\/schema\/logo\/image\/"},"sameAs":["https:\/\/www.facebook.com\/logoos"]},{"@type":"Person","@id":"https:\/\/wp.sprachtherapie-duisburg.de\/aktuelles\/#\/schema\/person\/ba61ffba5ba6fd3613afbd21fecf58a5","name":"OS","image":{"@type":"ImageObject","inLanguage":"de","@id":"https:\/\/secure.gravatar.com\/avatar\/28bf7015ec790a2c2688fad9f5d25304b45823f76870e97e855432dd50efb2ec?s=96&d=mm&r=g","url":"https:\/\/secure.gravatar.com\/avatar\/28bf7015ec790a2c2688fad9f5d25304b45823f76870e97e855432dd50efb2ec?s=96&d=mm&r=g","contentUrl":"https:\/\/secure.gravatar.com\/avatar\/28bf7015ec790a2c2688fad9f5d25304b45823f76870e97e855432dd50efb2ec?s=96&d=mm&r=g","caption":"OS"},"sameAs":["https:\/\/wp.sprachtherapie-duisburg.de"]}]}},"jetpack_featured_media_url":"https:\/\/i0.wp.com\/wp.sprachtherapie-duisburg.de\/wp-content\/uploads\/2025\/04\/Haus-Wohnung.jpeg?fit=1200%2C1600&ssl=1","jetpack-related-posts":[{"id":1629,"url":"https:\/\/wp.sprachtherapie-duisburg.de\/aktuelles\/2025\/08\/inhouse-seminar-unterstuetzte-kommunikation-uk\/","url_meta":{"origin":1548,"position":0},"title":"Inhouse-Seminar &#8222;Unterst\u00fctzte Kommunikation &#8211; UK&#8220;","author":"OS","date":"18. August 2025","format":false,"excerpt":"- Barbara Wimmer - Akademische Sprachtherapeutin - Am 14.08.2025 hat unsere erfahrene Kollegin Barbara Wimmer f\u00fcr uns ein Inhouse-Seminar zum Thema \u201eUnterst\u00fctzte Kommunikation - UK\u201c gegeben.\u00a0 Dabei hat sie uns exzellent und mit Leidenschaft und Hingabe im Bereich Theorie und Werkzeuge f\u00fcr die aktuelle UK-Therapie weitergebildet. Am Ende des Tages\u2026","rel":"","context":"In &quot;Beitr\u00e4ge&quot;","block_context":{"text":"Beitr\u00e4ge","link":"https:\/\/wp.sprachtherapie-duisburg.de\/aktuelles\/kategorie\/beitraege\/"},"img":{"alt_text":"Unsere Gem\u00fctslage","src":"https:\/\/i0.wp.com\/wp.sprachtherapie-duisburg.de\/wp-content\/uploads\/2025\/08\/1A7A3D88-22B0-4CC6-A84D-D71F74423F09-scaled.png?resize=350%2C200&ssl=1","width":350,"height":200,"srcset":"https:\/\/i0.wp.com\/wp.sprachtherapie-duisburg.de\/wp-content\/uploads\/2025\/08\/1A7A3D88-22B0-4CC6-A84D-D71F74423F09-scaled.png?resize=350%2C200&ssl=1 1x, https:\/\/i0.wp.com\/wp.sprachtherapie-duisburg.de\/wp-content\/uploads\/2025\/08\/1A7A3D88-22B0-4CC6-A84D-D71F74423F09-scaled.png?resize=525%2C300&ssl=1 1.5x, https:\/\/i0.wp.com\/wp.sprachtherapie-duisburg.de\/wp-content\/uploads\/2025\/08\/1A7A3D88-22B0-4CC6-A84D-D71F74423F09-scaled.png?resize=700%2C400&ssl=1 2x, https:\/\/i0.wp.com\/wp.sprachtherapie-duisburg.de\/wp-content\/uploads\/2025\/08\/1A7A3D88-22B0-4CC6-A84D-D71F74423F09-scaled.png?resize=1050%2C600&ssl=1 3x, https:\/\/i0.wp.com\/wp.sprachtherapie-duisburg.de\/wp-content\/uploads\/2025\/08\/1A7A3D88-22B0-4CC6-A84D-D71F74423F09-scaled.png?resize=1400%2C800&ssl=1 4x"},"classes":[]},{"id":1465,"url":"https:\/\/wp.sprachtherapie-duisburg.de\/aktuelles\/2024\/07\/bindung-als-basis-therapeutischen-handelns-seminar-von-sandra-aichlseder\/","url_meta":{"origin":1548,"position":1},"title":"Bindung als Basis therapeutischen Handelns: Seminar von Sandra Aichlseder","author":"OS","date":"7. Juli 2024","format":false,"excerpt":"Therapeutische Intervention und Entwicklungsauff\u00e4lligkeiten aus Bindungssicht Bindung ist das unsichtbare emotionale Band, das zwei Menschen \u00fcber Raumund Zeit sehr spezifisch miteinander verbindet (John Bowlby). Das Suchen einer spezifischen Bindungsperson nach der Geburt ist als genetische Bereitschaft angeboren und f\u00fcr den Menschen charakteristisch. Ein S\u00e4ugling entwickelt im Laufe des ersten Lebensjahres\u2026","rel":"","context":"In &quot;Beitr\u00e4ge&quot;","block_context":{"text":"Beitr\u00e4ge","link":"https:\/\/wp.sprachtherapie-duisburg.de\/aktuelles\/kategorie\/beitraege\/"},"img":{"alt_text":"","src":"https:\/\/i0.wp.com\/wp.sprachtherapie-duisburg.de\/wp-content\/uploads\/2024\/07\/Schiff-Aichlseder.png?fit=1196%2C684&ssl=1&resize=350%2C200","width":350,"height":200,"srcset":"https:\/\/i0.wp.com\/wp.sprachtherapie-duisburg.de\/wp-content\/uploads\/2024\/07\/Schiff-Aichlseder.png?fit=1196%2C684&ssl=1&resize=350%2C200 1x, https:\/\/i0.wp.com\/wp.sprachtherapie-duisburg.de\/wp-content\/uploads\/2024\/07\/Schiff-Aichlseder.png?fit=1196%2C684&ssl=1&resize=525%2C300 1.5x, https:\/\/i0.wp.com\/wp.sprachtherapie-duisburg.de\/wp-content\/uploads\/2024\/07\/Schiff-Aichlseder.png?fit=1196%2C684&ssl=1&resize=700%2C400 2x, https:\/\/i0.wp.com\/wp.sprachtherapie-duisburg.de\/wp-content\/uploads\/2024\/07\/Schiff-Aichlseder.png?fit=1196%2C684&ssl=1&resize=1050%2C600 3x"},"classes":[]},{"id":1646,"url":"https:\/\/wp.sprachtherapie-duisburg.de\/aktuelles\/2025\/09\/als-keramik-geschminkt-wurde\/","url_meta":{"origin":1548,"position":2},"title":"Als Keramik geschminkt wurde","author":"OS","date":"3. September 2025","format":false,"excerpt":"- Entspannung in der Keramikwerkstatt - Unser gemeinsamer Tag stand in diesem Jahr unter dem sch\u00f6nen Motto \u201cVeredeln von Keramik\u201d. In der Werkstatt Kunst & Zauber hatten wir die Gelegenheit, verschiedene Keramikrohlinge auf ganz eigene Weise zu gestalten. Mit Pinseln, Schw\u00e4mmchen, Farben und verschiedenen Techniken lie\u00dfen wir unserer Kreativit\u00e4t freien\u2026","rel":"","context":"In &quot;Beitr\u00e4ge&quot;","block_context":{"text":"Beitr\u00e4ge","link":"https:\/\/wp.sprachtherapie-duisburg.de\/aktuelles\/kategorie\/beitraege\/"},"img":{"alt_text":"","src":"https:\/\/i0.wp.com\/wp.sprachtherapie-duisburg.de\/wp-content\/uploads\/2025\/09\/f5fa4c0a-9e81-4aa9-bbff-e54f93a7b1ab-1.jpeg?fit=1200%2C1082&ssl=1&resize=350%2C200","width":350,"height":200,"srcset":"https:\/\/i0.wp.com\/wp.sprachtherapie-duisburg.de\/wp-content\/uploads\/2025\/09\/f5fa4c0a-9e81-4aa9-bbff-e54f93a7b1ab-1.jpeg?fit=1200%2C1082&ssl=1&resize=350%2C200 1x, https:\/\/i0.wp.com\/wp.sprachtherapie-duisburg.de\/wp-content\/uploads\/2025\/09\/f5fa4c0a-9e81-4aa9-bbff-e54f93a7b1ab-1.jpeg?fit=1200%2C1082&ssl=1&resize=525%2C300 1.5x, https:\/\/i0.wp.com\/wp.sprachtherapie-duisburg.de\/wp-content\/uploads\/2025\/09\/f5fa4c0a-9e81-4aa9-bbff-e54f93a7b1ab-1.jpeg?fit=1200%2C1082&ssl=1&resize=700%2C400 2x, https:\/\/i0.wp.com\/wp.sprachtherapie-duisburg.de\/wp-content\/uploads\/2025\/09\/f5fa4c0a-9e81-4aa9-bbff-e54f93a7b1ab-1.jpeg?fit=1200%2C1082&ssl=1&resize=1050%2C600 3x"},"classes":[]}],"jetpack_sharing_enabled":true,"_links":{"self":[{"href":"https:\/\/wp.sprachtherapie-duisburg.de\/aktuelles\/wp-json\/wp\/v2\/posts\/1548","targetHints":{"allow":["GET"]}}],"collection":[{"href":"https:\/\/wp.sprachtherapie-duisburg.de\/aktuelles\/wp-json\/wp\/v2\/posts"}],"about":[{"href":"https:\/\/wp.sprachtherapie-duisburg.de\/aktuelles\/wp-json\/wp\/v2\/types\/post"}],"author":[{"embeddable":true,"href":"https:\/\/wp.sprachtherapie-duisburg.de\/aktuelles\/wp-json\/wp\/v2\/users\/1"}],"replies":[{"embeddable":true,"href":"https:\/\/wp.sprachtherapie-duisburg.de\/aktuelles\/wp-json\/wp\/v2\/comments?post=1548"}],"version-history":[{"count":2,"href":"https:\/\/wp.sprachtherapie-duisburg.de\/aktuelles\/wp-json\/wp\/v2\/posts\/1548\/revisions"}],"predecessor-version":[{"id":1551,"href":"https:\/\/wp.sprachtherapie-duisburg.de\/aktuelles\/wp-json\/wp\/v2\/posts\/1548\/revisions\/1551"}],"wp:featuredmedia":[{"embeddable":true,"href":"https:\/\/wp.sprachtherapie-duisburg.de\/aktuelles\/wp-json\/wp\/v2\/media\/1550"}],"wp:attachment":[{"href":"https:\/\/wp.sprachtherapie-duisburg.de\/aktuelles\/wp-json\/wp\/v2\/media?parent=1548"}],"wp:term":[{"taxonomy":"category","embeddable":true,"href":"https:\/\/wp.sprachtherapie-duisburg.de\/aktuelles\/wp-json\/wp\/v2\/categories?post=1548"},{"taxonomy":"post_tag","embeddable":true,"href":"https:\/\/wp.sprachtherapie-duisburg.de\/aktuelles\/wp-json\/wp\/v2\/tags?post=1548"}],"curies":[{"name":"wp","href":"https:\/\/api.w.org\/{rel}","templated":true}]}}