{"id":516,"date":"2021-03-01T10:35:00","date_gmt":"2021-03-01T09:35:00","guid":{"rendered":"https:\/\/wp.sprachtherapie-duisburg.de\/?p=516"},"modified":"2023-04-19T12:08:46","modified_gmt":"2023-04-19T10:08:46","slug":"eroeffnung-unserer-neuen-praxis-in-dinslaken-eppinghoven","status":"publish","type":"post","link":"https:\/\/wp.sprachtherapie-duisburg.de\/aktuelles\/2021\/03\/eroeffnung-unserer-neuen-praxis-in-dinslaken-eppinghoven\/","title":{"rendered":"Er\u00f6ffnung unserer neuen Praxis in Dinslaken-Eppinghoven"},"content":{"rendered":"\n<p class=\"wp-block-paragraph\">Seit dem 01. M\u00e4rz 2021 sind wir nun in Betrieb und freuen uns, Sie bei uns begr\u00fc\u00dfen zu d\u00fcrfen.<\/p>\n\n\n\n<p class=\"wp-block-paragraph\">Sie finden uns in der <strong>Eppinkstra\u00dfe 165-165a in 46535 Dinslaken, nahe der Waldorfschule-Dinslaken<\/strong>, und erreichen uns auch bequem mit \u00f6ffentlichen Verkehsmitteln (NIAG-Bus 918, Haltestelle Dinslaken Freesmann).<\/p>\n\n\n\n<p class=\"wp-block-paragraph\">(<a title=\"Logop\u00e4die Oehm &amp; Sommer - DIN-Eppinghoven\" href=\"https:\/\/osm.org\/go\/0GGxMd2wI--?m=\" target=\"_blank\" rel=\"noopener noreferrer\">Klick f\u00fcr Umgeb<\/a><a href=\"https:\/\/www.openstreetmap.org\/?mlat=51.564202308654785&amp;mlon=6.705356240272522#map=18\/51.56420\/6.70536\" target=\"_blank\" rel=\"noreferrer noopener\">ungskarte<\/a>)<\/p>\n","protected":false},"excerpt":{"rendered":"<p>Seit dem 01. M\u00e4rz 2021 sind wir nun in Betrieb und freuen uns, Sie bei uns begr\u00fc\u00dfen zu d\u00fcrfen. Sie finden uns in der Eppinkstra\u00dfe 165-165a in 46535 Dinslaken, nahe der Waldorfschule-Dinslaken, und erreichen uns auch bequem mit \u00f6ffentlichen Verkehsmitteln (NIAG-Bus 918, Haltestelle Dinslaken Freesmann). (Klick f\u00fcr Umgebungskarte)<\/p>\n","protected":false},"author":3,"featured_media":604,"comment_status":"closed","ping_status":"open","sticky":false,"template":"","format":"standard","meta":{"_crdt_document":"","_themeisle_gutenberg_block_has_review":false,"_jetpack_memberships_contains_paid_content":false,"footnotes":""},"categories":[23],"tags":[],"class_list":["post-516","post","type-post","status-publish","format-standard","has-post-thumbnail","hentry","category-beitraege"],"acf":[],"yoast_head":"<!-- This site is optimized with the Yoast SEO plugin v27.4 - https:\/\/yoast.com\/product\/yoast-seo-wordpress\/ -->\n<title>Er\u00f6ffnung unserer neuen Praxis in Dinslaken-Eppinghoven &#187; LOGOP\u00c4DIE OEHM &amp; SOMMER<\/title>\n<meta name=\"robots\" content=\"index, follow, max-snippet:-1, max-image-preview:large, max-video-preview:-1\" \/>\n<link rel=\"canonical\" href=\"https:\/\/wp.sprachtherapie-duisburg.de\/aktuelles\/2021\/03\/eroeffnung-unserer-neuen-praxis-in-dinslaken-eppinghoven\/\" \/>\n<meta property=\"og:locale\" content=\"de_DE\" \/>\n<meta property=\"og:type\" content=\"article\" \/>\n<meta property=\"og:title\" content=\"Er\u00f6ffnung unserer neuen Praxis in Dinslaken-Eppinghoven &#187; LOGOP\u00c4DIE OEHM &amp; SOMMER\" \/>\n<meta property=\"og:description\" content=\"Seit dem 01. M\u00e4rz 2021 sind wir nun in Betrieb und freuen uns, Sie bei uns begr\u00fc\u00dfen zu d\u00fcrfen. Sie finden uns in der Eppinkstra\u00dfe 165-165a in 46535 Dinslaken, nahe der Waldorfschule-Dinslaken, und erreichen uns auch bequem mit \u00f6ffentlichen Verkehsmitteln (NIAG-Bus 918, Haltestelle Dinslaken Freesmann). (Klick f\u00fcr Umgebungskarte)\" \/>\n<meta property=\"og:url\" content=\"https:\/\/wp.sprachtherapie-duisburg.de\/aktuelles\/2021\/03\/eroeffnung-unserer-neuen-praxis-in-dinslaken-eppinghoven\/\" \/>\n<meta property=\"og:site_name\" content=\"LOGOP\u00c4DIE OEHM &amp; SOMMER\" \/>\n<meta property=\"article:publisher\" content=\"https:\/\/www.facebook.com\/logoos\" \/>\n<meta property=\"article:published_time\" content=\"2021-03-01T09:35:00+00:00\" \/>\n<meta property=\"article:modified_time\" content=\"2023-04-19T10:08:46+00:00\" \/>\n<meta property=\"og:image\" content=\"https:\/\/wp.sprachtherapie-duisburg.de\/wp-content\/uploads\/2022\/04\/IMG_0056.jpg\" \/>\n\t<meta property=\"og:image:width\" content=\"900\" \/>\n\t<meta property=\"og:image:height\" content=\"375\" \/>\n\t<meta property=\"og:image:type\" content=\"image\/jpeg\" \/>\n<meta name=\"author\" content=\"OS\" \/>\n<meta name=\"twitter:card\" content=\"summary_large_image\" \/>\n<meta name=\"twitter:label1\" content=\"Verfasst von\" \/>\n\t<meta name=\"twitter:data1\" content=\"OS\" \/>\n\t<meta name=\"twitter:label2\" content=\"Gesch\u00e4tzte Lesezeit\" \/>\n\t<meta name=\"twitter:data2\" content=\"1\u00a0Minute\" \/>\n<script type=\"application\/ld+json\" class=\"yoast-schema-graph\">{\"@context\":\"https:\\\/\\\/schema.org\",\"@graph\":[{\"@type\":\"NewsArticle\",\"@id\":\"https:\\\/\\\/wp.sprachtherapie-duisburg.de\\\/aktuelles\\\/2021\\\/03\\\/eroeffnung-unserer-neuen-praxis-in-dinslaken-eppinghoven\\\/#article\",\"isPartOf\":{\"@id\":\"https:\\\/\\\/wp.sprachtherapie-duisburg.de\\\/aktuelles\\\/2021\\\/03\\\/eroeffnung-unserer-neuen-praxis-in-dinslaken-eppinghoven\\\/\"},\"author\":{\"name\":\"OS\",\"@id\":\"https:\\\/\\\/wp.sprachtherapie-duisburg.de\\\/aktuelles\\\/#\\\/schema\\\/person\\\/07e40333ffc16068a3a41006d2991457\"},\"headline\":\"Er\u00f6ffnung unserer neuen Praxis in Dinslaken-Eppinghoven\",\"datePublished\":\"2021-03-01T09:35:00+00:00\",\"dateModified\":\"2023-04-19T10:08:46+00:00\",\"mainEntityOfPage\":{\"@id\":\"https:\\\/\\\/wp.sprachtherapie-duisburg.de\\\/aktuelles\\\/2021\\\/03\\\/eroeffnung-unserer-neuen-praxis-in-dinslaken-eppinghoven\\\/\"},\"wordCount\":58,\"publisher\":{\"@id\":\"https:\\\/\\\/wp.sprachtherapie-duisburg.de\\\/aktuelles\\\/#organization\"},\"image\":{\"@id\":\"https:\\\/\\\/wp.sprachtherapie-duisburg.de\\\/aktuelles\\\/2021\\\/03\\\/eroeffnung-unserer-neuen-praxis-in-dinslaken-eppinghoven\\\/#primaryimage\"},\"thumbnailUrl\":\"https:\\\/\\\/i0.wp.com\\\/wp.sprachtherapie-duisburg.de\\\/wp-content\\\/uploads\\\/2022\\\/04\\\/IMG_0056.jpg?fit=900%2C375&ssl=1\",\"articleSection\":[\"Beitr\u00e4ge\"],\"inLanguage\":\"de\"},{\"@type\":[\"WebPage\",\"MedicalWebPage\"],\"@id\":\"https:\\\/\\\/wp.sprachtherapie-duisburg.de\\\/aktuelles\\\/2021\\\/03\\\/eroeffnung-unserer-neuen-praxis-in-dinslaken-eppinghoven\\\/\",\"url\":\"https:\\\/\\\/wp.sprachtherapie-duisburg.de\\\/aktuelles\\\/2021\\\/03\\\/eroeffnung-unserer-neuen-praxis-in-dinslaken-eppinghoven\\\/\",\"name\":\"Er\u00f6ffnung unserer neuen Praxis in Dinslaken-Eppinghoven &#187; LOGOP\u00c4DIE OEHM &amp; SOMMER\",\"isPartOf\":{\"@id\":\"https:\\\/\\\/wp.sprachtherapie-duisburg.de\\\/aktuelles\\\/#website\"},\"primaryImageOfPage\":{\"@id\":\"https:\\\/\\\/wp.sprachtherapie-duisburg.de\\\/aktuelles\\\/2021\\\/03\\\/eroeffnung-unserer-neuen-praxis-in-dinslaken-eppinghoven\\\/#primaryimage\"},\"image\":{\"@id\":\"https:\\\/\\\/wp.sprachtherapie-duisburg.de\\\/aktuelles\\\/2021\\\/03\\\/eroeffnung-unserer-neuen-praxis-in-dinslaken-eppinghoven\\\/#primaryimage\"},\"thumbnailUrl\":\"https:\\\/\\\/i0.wp.com\\\/wp.sprachtherapie-duisburg.de\\\/wp-content\\\/uploads\\\/2022\\\/04\\\/IMG_0056.jpg?fit=900%2C375&ssl=1\",\"datePublished\":\"2021-03-01T09:35:00+00:00\",\"dateModified\":\"2023-04-19T10:08:46+00:00\",\"breadcrumb\":{\"@id\":\"https:\\\/\\\/wp.sprachtherapie-duisburg.de\\\/aktuelles\\\/2021\\\/03\\\/eroeffnung-unserer-neuen-praxis-in-dinslaken-eppinghoven\\\/#breadcrumb\"},\"inLanguage\":\"de\",\"potentialAction\":[{\"@type\":\"ReadAction\",\"target\":[\"https:\\\/\\\/wp.sprachtherapie-duisburg.de\\\/aktuelles\\\/2021\\\/03\\\/eroeffnung-unserer-neuen-praxis-in-dinslaken-eppinghoven\\\/\"]}]},{\"@type\":\"ImageObject\",\"inLanguage\":\"de\",\"@id\":\"https:\\\/\\\/wp.sprachtherapie-duisburg.de\\\/aktuelles\\\/2021\\\/03\\\/eroeffnung-unserer-neuen-praxis-in-dinslaken-eppinghoven\\\/#primaryimage\",\"url\":\"https:\\\/\\\/i0.wp.com\\\/wp.sprachtherapie-duisburg.de\\\/wp-content\\\/uploads\\\/2022\\\/04\\\/IMG_0056.jpg?fit=900%2C375&ssl=1\",\"contentUrl\":\"https:\\\/\\\/i0.wp.com\\\/wp.sprachtherapie-duisburg.de\\\/wp-content\\\/uploads\\\/2022\\\/04\\\/IMG_0056.jpg?fit=900%2C375&ssl=1\",\"width\":900,\"height\":375},{\"@type\":\"BreadcrumbList\",\"@id\":\"https:\\\/\\\/wp.sprachtherapie-duisburg.de\\\/aktuelles\\\/2021\\\/03\\\/eroeffnung-unserer-neuen-praxis-in-dinslaken-eppinghoven\\\/#breadcrumb\",\"itemListElement\":[{\"@type\":\"ListItem\",\"position\":1,\"name\":\"Startseite\",\"item\":\"https:\\\/\\\/wp.sprachtherapie-duisburg.de\\\/aktuelles\\\/\"},{\"@type\":\"ListItem\",\"position\":2,\"name\":\"Er\u00f6ffnung unserer neuen Praxis in Dinslaken-Eppinghoven\"}]},{\"@type\":\"WebSite\",\"@id\":\"https:\\\/\\\/wp.sprachtherapie-duisburg.de\\\/aktuelles\\\/#website\",\"url\":\"https:\\\/\\\/wp.sprachtherapie-duisburg.de\\\/aktuelles\\\/\",\"name\":\"LOGOP\u00c4DIE OEHM &amp; SOMMER\",\"description\":\"Sprachtherapie in Duisburg und Dinslaken\",\"publisher\":{\"@id\":\"https:\\\/\\\/wp.sprachtherapie-duisburg.de\\\/aktuelles\\\/#organization\"},\"potentialAction\":[{\"@type\":\"SearchAction\",\"target\":{\"@type\":\"EntryPoint\",\"urlTemplate\":\"https:\\\/\\\/wp.sprachtherapie-duisburg.de\\\/aktuelles\\\/?s={search_term_string}\"},\"query-input\":{\"@type\":\"PropertyValueSpecification\",\"valueRequired\":true,\"valueName\":\"search_term_string\"}}],\"inLanguage\":\"de\"},{\"@type\":\"Organization\",\"@id\":\"https:\\\/\\\/wp.sprachtherapie-duisburg.de\\\/aktuelles\\\/#organization\",\"name\":\"Logop\u00e4die Oehm & Sommer\",\"url\":\"https:\\\/\\\/wp.sprachtherapie-duisburg.de\\\/aktuelles\\\/\",\"logo\":{\"@type\":\"ImageObject\",\"inLanguage\":\"de\",\"@id\":\"https:\\\/\\\/wp.sprachtherapie-duisburg.de\\\/aktuelles\\\/#\\\/schema\\\/logo\\\/image\\\/\",\"url\":\"https:\\\/\\\/wp.sprachtherapie-duisburg.de\\\/wp-content\\\/uploads\\\/2021\\\/06\\\/Logo_2farbig_blau-gelb_aktuell-gespiegelt.png\",\"contentUrl\":\"https:\\\/\\\/wp.sprachtherapie-duisburg.de\\\/wp-content\\\/uploads\\\/2021\\\/06\\\/Logo_2farbig_blau-gelb_aktuell-gespiegelt.png\",\"width\":1886,\"height\":613,\"caption\":\"Logop\u00e4die Oehm & Sommer\"},\"image\":{\"@id\":\"https:\\\/\\\/wp.sprachtherapie-duisburg.de\\\/aktuelles\\\/#\\\/schema\\\/logo\\\/image\\\/\"},\"sameAs\":[\"https:\\\/\\\/www.facebook.com\\\/logoos\"]},{\"@type\":\"Person\",\"@id\":\"https:\\\/\\\/wp.sprachtherapie-duisburg.de\\\/aktuelles\\\/#\\\/schema\\\/person\\\/07e40333ffc16068a3a41006d2991457\",\"name\":\"OS\",\"image\":{\"@type\":\"ImageObject\",\"inLanguage\":\"de\",\"@id\":\"https:\\\/\\\/secure.gravatar.com\\\/avatar\\\/94af1e148fa4492b70da7b958abcf59191bdc9bde7e028ded5481e6ac1bf9d7e?s=96&d=mm&r=g\",\"url\":\"https:\\\/\\\/secure.gravatar.com\\\/avatar\\\/94af1e148fa4492b70da7b958abcf59191bdc9bde7e028ded5481e6ac1bf9d7e?s=96&d=mm&r=g\",\"contentUrl\":\"https:\\\/\\\/secure.gravatar.com\\\/avatar\\\/94af1e148fa4492b70da7b958abcf59191bdc9bde7e028ded5481e6ac1bf9d7e?s=96&d=mm&r=g\",\"caption\":\"OS\"}}]}<\/script>\n<!-- \/ Yoast SEO plugin. -->","yoast_head_json":{"title":"Er\u00f6ffnung unserer neuen Praxis in Dinslaken-Eppinghoven &#187; LOGOP\u00c4DIE OEHM &amp; SOMMER","robots":{"index":"index","follow":"follow","max-snippet":"max-snippet:-1","max-image-preview":"max-image-preview:large","max-video-preview":"max-video-preview:-1"},"canonical":"https:\/\/wp.sprachtherapie-duisburg.de\/aktuelles\/2021\/03\/eroeffnung-unserer-neuen-praxis-in-dinslaken-eppinghoven\/","og_locale":"de_DE","og_type":"article","og_title":"Er\u00f6ffnung unserer neuen Praxis in Dinslaken-Eppinghoven &#187; LOGOP\u00c4DIE OEHM &amp; SOMMER","og_description":"Seit dem 01. M\u00e4rz 2021 sind wir nun in Betrieb und freuen uns, Sie bei uns begr\u00fc\u00dfen zu d\u00fcrfen. Sie finden uns in der Eppinkstra\u00dfe 165-165a in 46535 Dinslaken, nahe der Waldorfschule-Dinslaken, und erreichen uns auch bequem mit \u00f6ffentlichen Verkehsmitteln (NIAG-Bus 918, Haltestelle Dinslaken Freesmann). (Klick f\u00fcr Umgebungskarte)","og_url":"https:\/\/wp.sprachtherapie-duisburg.de\/aktuelles\/2021\/03\/eroeffnung-unserer-neuen-praxis-in-dinslaken-eppinghoven\/","og_site_name":"LOGOP\u00c4DIE OEHM &amp; SOMMER","article_publisher":"https:\/\/www.facebook.com\/logoos","article_published_time":"2021-03-01T09:35:00+00:00","article_modified_time":"2023-04-19T10:08:46+00:00","og_image":[{"width":900,"height":375,"url":"https:\/\/wp.sprachtherapie-duisburg.de\/wp-content\/uploads\/2022\/04\/IMG_0056.jpg","type":"image\/jpeg"}],"author":"OS","twitter_card":"summary_large_image","twitter_misc":{"Verfasst von":"OS","Gesch\u00e4tzte Lesezeit":"1\u00a0Minute"},"schema":{"@context":"https:\/\/schema.org","@graph":[{"@type":"NewsArticle","@id":"https:\/\/wp.sprachtherapie-duisburg.de\/aktuelles\/2021\/03\/eroeffnung-unserer-neuen-praxis-in-dinslaken-eppinghoven\/#article","isPartOf":{"@id":"https:\/\/wp.sprachtherapie-duisburg.de\/aktuelles\/2021\/03\/eroeffnung-unserer-neuen-praxis-in-dinslaken-eppinghoven\/"},"author":{"name":"OS","@id":"https:\/\/wp.sprachtherapie-duisburg.de\/aktuelles\/#\/schema\/person\/07e40333ffc16068a3a41006d2991457"},"headline":"Er\u00f6ffnung unserer neuen Praxis in Dinslaken-Eppinghoven","datePublished":"2021-03-01T09:35:00+00:00","dateModified":"2023-04-19T10:08:46+00:00","mainEntityOfPage":{"@id":"https:\/\/wp.sprachtherapie-duisburg.de\/aktuelles\/2021\/03\/eroeffnung-unserer-neuen-praxis-in-dinslaken-eppinghoven\/"},"wordCount":58,"publisher":{"@id":"https:\/\/wp.sprachtherapie-duisburg.de\/aktuelles\/#organization"},"image":{"@id":"https:\/\/wp.sprachtherapie-duisburg.de\/aktuelles\/2021\/03\/eroeffnung-unserer-neuen-praxis-in-dinslaken-eppinghoven\/#primaryimage"},"thumbnailUrl":"https:\/\/i0.wp.com\/wp.sprachtherapie-duisburg.de\/wp-content\/uploads\/2022\/04\/IMG_0056.jpg?fit=900%2C375&ssl=1","articleSection":["Beitr\u00e4ge"],"inLanguage":"de"},{"@type":["WebPage","MedicalWebPage"],"@id":"https:\/\/wp.sprachtherapie-duisburg.de\/aktuelles\/2021\/03\/eroeffnung-unserer-neuen-praxis-in-dinslaken-eppinghoven\/","url":"https:\/\/wp.sprachtherapie-duisburg.de\/aktuelles\/2021\/03\/eroeffnung-unserer-neuen-praxis-in-dinslaken-eppinghoven\/","name":"Er\u00f6ffnung unserer neuen Praxis in Dinslaken-Eppinghoven &#187; LOGOP\u00c4DIE OEHM &amp; SOMMER","isPartOf":{"@id":"https:\/\/wp.sprachtherapie-duisburg.de\/aktuelles\/#website"},"primaryImageOfPage":{"@id":"https:\/\/wp.sprachtherapie-duisburg.de\/aktuelles\/2021\/03\/eroeffnung-unserer-neuen-praxis-in-dinslaken-eppinghoven\/#primaryimage"},"image":{"@id":"https:\/\/wp.sprachtherapie-duisburg.de\/aktuelles\/2021\/03\/eroeffnung-unserer-neuen-praxis-in-dinslaken-eppinghoven\/#primaryimage"},"thumbnailUrl":"https:\/\/i0.wp.com\/wp.sprachtherapie-duisburg.de\/wp-content\/uploads\/2022\/04\/IMG_0056.jpg?fit=900%2C375&ssl=1","datePublished":"2021-03-01T09:35:00+00:00","dateModified":"2023-04-19T10:08:46+00:00","breadcrumb":{"@id":"https:\/\/wp.sprachtherapie-duisburg.de\/aktuelles\/2021\/03\/eroeffnung-unserer-neuen-praxis-in-dinslaken-eppinghoven\/#breadcrumb"},"inLanguage":"de","potentialAction":[{"@type":"ReadAction","target":["https:\/\/wp.sprachtherapie-duisburg.de\/aktuelles\/2021\/03\/eroeffnung-unserer-neuen-praxis-in-dinslaken-eppinghoven\/"]}]},{"@type":"ImageObject","inLanguage":"de","@id":"https:\/\/wp.sprachtherapie-duisburg.de\/aktuelles\/2021\/03\/eroeffnung-unserer-neuen-praxis-in-dinslaken-eppinghoven\/#primaryimage","url":"https:\/\/i0.wp.com\/wp.sprachtherapie-duisburg.de\/wp-content\/uploads\/2022\/04\/IMG_0056.jpg?fit=900%2C375&ssl=1","contentUrl":"https:\/\/i0.wp.com\/wp.sprachtherapie-duisburg.de\/wp-content\/uploads\/2022\/04\/IMG_0056.jpg?fit=900%2C375&ssl=1","width":900,"height":375},{"@type":"BreadcrumbList","@id":"https:\/\/wp.sprachtherapie-duisburg.de\/aktuelles\/2021\/03\/eroeffnung-unserer-neuen-praxis-in-dinslaken-eppinghoven\/#breadcrumb","itemListElement":[{"@type":"ListItem","position":1,"name":"Startseite","item":"https:\/\/wp.sprachtherapie-duisburg.de\/aktuelles\/"},{"@type":"ListItem","position":2,"name":"Er\u00f6ffnung unserer neuen Praxis in Dinslaken-Eppinghoven"}]},{"@type":"WebSite","@id":"https:\/\/wp.sprachtherapie-duisburg.de\/aktuelles\/#website","url":"https:\/\/wp.sprachtherapie-duisburg.de\/aktuelles\/","name":"LOGOP\u00c4DIE OEHM &amp; SOMMER","description":"Sprachtherapie in Duisburg und Dinslaken","publisher":{"@id":"https:\/\/wp.sprachtherapie-duisburg.de\/aktuelles\/#organization"},"potentialAction":[{"@type":"SearchAction","target":{"@type":"EntryPoint","urlTemplate":"https:\/\/wp.sprachtherapie-duisburg.de\/aktuelles\/?s={search_term_string}"},"query-input":{"@type":"PropertyValueSpecification","valueRequired":true,"valueName":"search_term_string"}}],"inLanguage":"de"},{"@type":"Organization","@id":"https:\/\/wp.sprachtherapie-duisburg.de\/aktuelles\/#organization","name":"Logop\u00e4die Oehm & Sommer","url":"https:\/\/wp.sprachtherapie-duisburg.de\/aktuelles\/","logo":{"@type":"ImageObject","inLanguage":"de","@id":"https:\/\/wp.sprachtherapie-duisburg.de\/aktuelles\/#\/schema\/logo\/image\/","url":"https:\/\/wp.sprachtherapie-duisburg.de\/wp-content\/uploads\/2021\/06\/Logo_2farbig_blau-gelb_aktuell-gespiegelt.png","contentUrl":"https:\/\/wp.sprachtherapie-duisburg.de\/wp-content\/uploads\/2021\/06\/Logo_2farbig_blau-gelb_aktuell-gespiegelt.png","width":1886,"height":613,"caption":"Logop\u00e4die Oehm & Sommer"},"image":{"@id":"https:\/\/wp.sprachtherapie-duisburg.de\/aktuelles\/#\/schema\/logo\/image\/"},"sameAs":["https:\/\/www.facebook.com\/logoos"]},{"@type":"Person","@id":"https:\/\/wp.sprachtherapie-duisburg.de\/aktuelles\/#\/schema\/person\/07e40333ffc16068a3a41006d2991457","name":"OS","image":{"@type":"ImageObject","inLanguage":"de","@id":"https:\/\/secure.gravatar.com\/avatar\/94af1e148fa4492b70da7b958abcf59191bdc9bde7e028ded5481e6ac1bf9d7e?s=96&d=mm&r=g","url":"https:\/\/secure.gravatar.com\/avatar\/94af1e148fa4492b70da7b958abcf59191bdc9bde7e028ded5481e6ac1bf9d7e?s=96&d=mm&r=g","contentUrl":"https:\/\/secure.gravatar.com\/avatar\/94af1e148fa4492b70da7b958abcf59191bdc9bde7e028ded5481e6ac1bf9d7e?s=96&d=mm&r=g","caption":"OS"}}]}},"jetpack_featured_media_url":"https:\/\/i0.wp.com\/wp.sprachtherapie-duisburg.de\/wp-content\/uploads\/2022\/04\/IMG_0056.jpg?fit=900%2C375&ssl=1","jetpack-related-posts":[{"id":1028,"url":"https:\/\/wp.sprachtherapie-duisburg.de\/aktuelles\/2021\/02\/unsere-neue-sekretaerin-in-dinslaken-eppinghoven\/","url_meta":{"origin":516,"position":0},"title":"Unsere neue Sekret\u00e4rin in Dinslaken-Eppinghoven","author":"OS","date":"28. Februar 2021","format":false,"excerpt":"Wir begr\u00fc\u00dfen in unserer neuen Praxis in Dinslaken-Eppinghoven, Eppinkstra\u00dfe 165, ab dem 1. M\u00e4rz 2021 unsere neue Sekret\u00e4rin Frau Gaby Drechsler. Herzlich willkommen in Eppinghoven!","rel":"","context":"In &quot;Beitr\u00e4ge&quot;","block_context":{"text":"Beitr\u00e4ge","link":"https:\/\/wp.sprachtherapie-duisburg.de\/aktuelles\/kategorie\/beitraege\/"},"img":{"alt_text":"Frau Gaby Drechsler ist unsere neue Sekret\u00e4rin in der Praxis Dinslaken-Eppinghoven.","src":"https:\/\/i0.wp.com\/wp.sprachtherapie-duisburg.de\/wp-content\/uploads\/2023\/02\/sprachtherapie-duisburg-2022-08-30-2149-Bearbeitet-scaled.jpg?fit=1200%2C801&ssl=1&resize=350%2C200","width":350,"height":200,"srcset":"https:\/\/i0.wp.com\/wp.sprachtherapie-duisburg.de\/wp-content\/uploads\/2023\/02\/sprachtherapie-duisburg-2022-08-30-2149-Bearbeitet-scaled.jpg?fit=1200%2C801&ssl=1&resize=350%2C200 1x, https:\/\/i0.wp.com\/wp.sprachtherapie-duisburg.de\/wp-content\/uploads\/2023\/02\/sprachtherapie-duisburg-2022-08-30-2149-Bearbeitet-scaled.jpg?fit=1200%2C801&ssl=1&resize=525%2C300 1.5x, https:\/\/i0.wp.com\/wp.sprachtherapie-duisburg.de\/wp-content\/uploads\/2023\/02\/sprachtherapie-duisburg-2022-08-30-2149-Bearbeitet-scaled.jpg?fit=1200%2C801&ssl=1&resize=700%2C400 2x, https:\/\/i0.wp.com\/wp.sprachtherapie-duisburg.de\/wp-content\/uploads\/2023\/02\/sprachtherapie-duisburg-2022-08-30-2149-Bearbeitet-scaled.jpg?fit=1200%2C801&ssl=1&resize=1050%2C600 3x"},"classes":[]},{"id":981,"url":"https:\/\/wp.sprachtherapie-duisburg.de\/aktuelles\/2022\/11\/unsere-neue-bebilderung-in-unserer-praxis-walsum\/","url_meta":{"origin":516,"position":1},"title":"Unsere neue Bebilderung in unserer Praxis Walsum","author":"OS","date":"30. November 2022","format":false,"excerpt":"Danke an den K\u00fcnstler Dmitrij Surkov, CITYART, der es sich nicht nehmen lie\u00df, die Bilder pers\u00f6nlich aufzuh\u00e4ngen. Die Bilder zeigen lokale rheinnahe Walsumer Motive und bereichern nun den Wartebereich der Praxis. Und die Reise entlang des Rheins wird fortgesetzt mit weiteren Bildern von\u00a0CityArt Surkov\u00a0in Dinslaken-Eppinghoven. Wir freuen uns schon auf\u2026","rel":"","context":"In &quot;Beitr\u00e4ge&quot;","block_context":{"text":"Beitr\u00e4ge","link":"https:\/\/wp.sprachtherapie-duisburg.de\/aktuelles\/kategorie\/beitraege\/"},"img":{"alt_text":"Dmitrij Surkov, CITYART","src":"https:\/\/i0.wp.com\/wp.sprachtherapie-duisburg.de\/wp-content\/uploads\/2022\/11\/image.jpeg?fit=1200%2C919&ssl=1&resize=350%2C200","width":350,"height":200,"srcset":"https:\/\/i0.wp.com\/wp.sprachtherapie-duisburg.de\/wp-content\/uploads\/2022\/11\/image.jpeg?fit=1200%2C919&ssl=1&resize=350%2C200 1x, https:\/\/i0.wp.com\/wp.sprachtherapie-duisburg.de\/wp-content\/uploads\/2022\/11\/image.jpeg?fit=1200%2C919&ssl=1&resize=525%2C300 1.5x, https:\/\/i0.wp.com\/wp.sprachtherapie-duisburg.de\/wp-content\/uploads\/2022\/11\/image.jpeg?fit=1200%2C919&ssl=1&resize=700%2C400 2x, https:\/\/i0.wp.com\/wp.sprachtherapie-duisburg.de\/wp-content\/uploads\/2022\/11\/image.jpeg?fit=1200%2C919&ssl=1&resize=1050%2C600 3x"},"classes":[]},{"id":1618,"url":"https:\/\/wp.sprachtherapie-duisburg.de\/aktuelles\/2025\/08\/inhouse-seminar-von-der-fees-zur-therapie\/","url_meta":{"origin":516,"position":2},"title":"Inhouse-Seminar: Von der FEES zur Therapie","author":"OS","date":"10. August 2025","format":false,"excerpt":"Als direkte Fortsetzung des Einf\u00fchrungskurses \u201eDiagnose und Therapie von neurogenen Schluckst\u00f6rungen\u201c am 04. und 05. April 2025 mit Seminarleiter Ulrich Birkmann\u00a0fand am 4.8.2025 der Aufbaukurs \"Von der FEES zur Therapie\" in unserem Seminarraum in Dinslaken-Eppinghoven statt. Kernthemen waren die notwendigen Hilfsmittel und deren Handhabung sowie zahlreiche praktische \u00dcbungen f\u00fcr die\u2026","rel":"","context":"In &quot;Beitr\u00e4ge&quot;","block_context":{"text":"Beitr\u00e4ge","link":"https:\/\/wp.sprachtherapie-duisburg.de\/aktuelles\/kategorie\/beitraege\/"},"img":{"alt_text":"Seminarleiter Ulrich Birkmann mit Praxisinhaberin Claudia Sommer","src":"https:\/\/i0.wp.com\/wp.sprachtherapie-duisburg.de\/wp-content\/uploads\/2025\/08\/IMG_0841-scaled.jpeg?fit=1200%2C675&ssl=1&resize=350%2C200","width":350,"height":200,"srcset":"https:\/\/i0.wp.com\/wp.sprachtherapie-duisburg.de\/wp-content\/uploads\/2025\/08\/IMG_0841-scaled.jpeg?fit=1200%2C675&ssl=1&resize=350%2C200 1x, https:\/\/i0.wp.com\/wp.sprachtherapie-duisburg.de\/wp-content\/uploads\/2025\/08\/IMG_0841-scaled.jpeg?fit=1200%2C675&ssl=1&resize=525%2C300 1.5x, https:\/\/i0.wp.com\/wp.sprachtherapie-duisburg.de\/wp-content\/uploads\/2025\/08\/IMG_0841-scaled.jpeg?fit=1200%2C675&ssl=1&resize=700%2C400 2x, https:\/\/i0.wp.com\/wp.sprachtherapie-duisburg.de\/wp-content\/uploads\/2025\/08\/IMG_0841-scaled.jpeg?fit=1200%2C675&ssl=1&resize=1050%2C600 3x"},"classes":[]},{"id":1732,"url":"https:\/\/wp.sprachtherapie-duisburg.de\/aktuelles\/2026\/02\/seminar-gespraechsfuehrung-mit-eltern-praxisreflexion-und-anleitung\/","url_meta":{"origin":516,"position":3},"title":"Seminar &#8222;Gespr\u00e4chsf\u00fchrung mit Eltern &#8211; Praxisreflexion und Anleitung&#8220;","author":"OS","date":"9. Februar 2026","format":false,"excerpt":"- Dr. phil. Matthias Paul Krause - Dipl.-Psychologe, Psychologischer Psychotherapeut, Supervisor - Am 6. Februar 2026 hatten wir das Vergn\u00fcgen, Herrn Dr. phil. Matthias Paul Krause, Diplom-Psychologe, Psychologischer Psychotherapeut und Supervisor, in unseren Seminarr\u00e4umen in Duisburg\/Dinslaken begr\u00fc\u00dfen zu d\u00fcrfen. Er referierte im Rahmen unserer Fortbildung zum Thema \u201eGespr\u00e4chsf\u00fchrung mit Eltern\u2026","rel":"","context":"In &quot;Beitr\u00e4ge&quot;","block_context":{"text":"Beitr\u00e4ge","link":"https:\/\/wp.sprachtherapie-duisburg.de\/aktuelles\/kategorie\/beitraege\/"},"img":{"alt_text":"","src":"","width":0,"height":0},"classes":[]},{"id":1292,"url":"https:\/\/wp.sprachtherapie-duisburg.de\/aktuelles\/2023\/02\/stottern-ein-eisberg\/","url_meta":{"origin":516,"position":4},"title":"Stottern &#8211; Stottermodifikation","author":"OS","date":"20. Februar 2023","format":false,"excerpt":"Bonner Stottertherapie von Holger Pr\u00fc\u00df Zuk\u00fcnftig bieten wir die erfolgreiche Bonner Stottertherapie als ambulante Therapieform in unseren Praxen an. Daf\u00fcr haben wir Herrn Volker Pr\u00fc\u00df eingeladen, der als Selbstbetroffener die Bonner Stottertherapie entwickelt hat und uns in einer 2-teiligen Fortbildungsreihe in unseren Fortbildungsr\u00e4umen unserer Praxis in Dinslaken-Eppinghoven mit diesem erfolgreichen\u2026","rel":"","context":"In &quot;Beitr\u00e4ge&quot;","block_context":{"text":"Beitr\u00e4ge","link":"https:\/\/wp.sprachtherapie-duisburg.de\/aktuelles\/kategorie\/beitraege\/"},"img":{"alt_text":"Fortbildung Bonner Stottertherapie mit Volker Pr\u00fc\u00df","src":"https:\/\/i0.wp.com\/wp.sprachtherapie-duisburg.de\/wp-content\/uploads\/2023\/03\/Pruess-Eisberg-scaled.jpg?fit=1200%2C876&ssl=1&resize=350%2C200","width":350,"height":200,"srcset":"https:\/\/i0.wp.com\/wp.sprachtherapie-duisburg.de\/wp-content\/uploads\/2023\/03\/Pruess-Eisberg-scaled.jpg?fit=1200%2C876&ssl=1&resize=350%2C200 1x, https:\/\/i0.wp.com\/wp.sprachtherapie-duisburg.de\/wp-content\/uploads\/2023\/03\/Pruess-Eisberg-scaled.jpg?fit=1200%2C876&ssl=1&resize=525%2C300 1.5x, https:\/\/i0.wp.com\/wp.sprachtherapie-duisburg.de\/wp-content\/uploads\/2023\/03\/Pruess-Eisberg-scaled.jpg?fit=1200%2C876&ssl=1&resize=700%2C400 2x, https:\/\/i0.wp.com\/wp.sprachtherapie-duisburg.de\/wp-content\/uploads\/2023\/03\/Pruess-Eisberg-scaled.jpg?fit=1200%2C876&ssl=1&resize=1050%2C600 3x"},"classes":[]},{"id":1465,"url":"https:\/\/wp.sprachtherapie-duisburg.de\/aktuelles\/2024\/07\/bindung-als-basis-therapeutischen-handelns-seminar-von-sandra-aichlseder\/","url_meta":{"origin":516,"position":5},"title":"Bindung als Basis therapeutischen Handelns: Seminar von Sandra Aichlseder","author":"OS","date":"7. Juli 2024","format":false,"excerpt":"Therapeutische Intervention und Entwicklungsauff\u00e4lligkeiten aus Bindungssicht Bindung ist das unsichtbare emotionale Band, das zwei Menschen \u00fcber Raumund Zeit sehr spezifisch miteinander verbindet (John Bowlby). Das Suchen einer spezifischen Bindungsperson nach der Geburt ist als genetische Bereitschaft angeboren und f\u00fcr den Menschen charakteristisch. Ein S\u00e4ugling entwickelt im Laufe des ersten Lebensjahres\u2026","rel":"","context":"In &quot;Beitr\u00e4ge&quot;","block_context":{"text":"Beitr\u00e4ge","link":"https:\/\/wp.sprachtherapie-duisburg.de\/aktuelles\/kategorie\/beitraege\/"},"img":{"alt_text":"","src":"https:\/\/i0.wp.com\/wp.sprachtherapie-duisburg.de\/wp-content\/uploads\/2024\/07\/Schiff-Aichlseder.png?fit=1196%2C684&ssl=1&resize=350%2C200","width":350,"height":200,"srcset":"https:\/\/i0.wp.com\/wp.sprachtherapie-duisburg.de\/wp-content\/uploads\/2024\/07\/Schiff-Aichlseder.png?fit=1196%2C684&ssl=1&resize=350%2C200 1x, https:\/\/i0.wp.com\/wp.sprachtherapie-duisburg.de\/wp-content\/uploads\/2024\/07\/Schiff-Aichlseder.png?fit=1196%2C684&ssl=1&resize=525%2C300 1.5x, https:\/\/i0.wp.com\/wp.sprachtherapie-duisburg.de\/wp-content\/uploads\/2024\/07\/Schiff-Aichlseder.png?fit=1196%2C684&ssl=1&resize=700%2C400 2x, https:\/\/i0.wp.com\/wp.sprachtherapie-duisburg.de\/wp-content\/uploads\/2024\/07\/Schiff-Aichlseder.png?fit=1196%2C684&ssl=1&resize=1050%2C600 3x"},"classes":[]}],"jetpack_sharing_enabled":true,"_links":{"self":[{"href":"https:\/\/wp.sprachtherapie-duisburg.de\/aktuelles\/wp-json\/wp\/v2\/posts\/516","targetHints":{"allow":["GET"]}}],"collection":[{"href":"https:\/\/wp.sprachtherapie-duisburg.de\/aktuelles\/wp-json\/wp\/v2\/posts"}],"about":[{"href":"https:\/\/wp.sprachtherapie-duisburg.de\/aktuelles\/wp-json\/wp\/v2\/types\/post"}],"author":[{"embeddable":true,"href":"https:\/\/wp.sprachtherapie-duisburg.de\/aktuelles\/wp-json\/wp\/v2\/users\/3"}],"replies":[{"embeddable":true,"href":"https:\/\/wp.sprachtherapie-duisburg.de\/aktuelles\/wp-json\/wp\/v2\/comments?post=516"}],"version-history":[{"count":4,"href":"https:\/\/wp.sprachtherapie-duisburg.de\/aktuelles\/wp-json\/wp\/v2\/posts\/516\/revisions"}],"predecessor-version":[{"id":1345,"href":"https:\/\/wp.sprachtherapie-duisburg.de\/aktuelles\/wp-json\/wp\/v2\/posts\/516\/revisions\/1345"}],"wp:featuredmedia":[{"embeddable":true,"href":"https:\/\/wp.sprachtherapie-duisburg.de\/aktuelles\/wp-json\/wp\/v2\/media\/604"}],"wp:attachment":[{"href":"https:\/\/wp.sprachtherapie-duisburg.de\/aktuelles\/wp-json\/wp\/v2\/media?parent=516"}],"wp:term":[{"taxonomy":"category","embeddable":true,"href":"https:\/\/wp.sprachtherapie-duisburg.de\/aktuelles\/wp-json\/wp\/v2\/categories?post=516"},{"taxonomy":"post_tag","embeddable":true,"href":"https:\/\/wp.sprachtherapie-duisburg.de\/aktuelles\/wp-json\/wp\/v2\/tags?post=516"}],"curies":[{"name":"wp","href":"https:\/\/api.w.org\/{rel}","templated":true}]}}