{"id":834,"date":"2022-04-09T16:54:00","date_gmt":"2022-04-09T14:54:00","guid":{"rendered":"https:\/\/wp.sprachtherapie-duisburg.de\/?p=834"},"modified":"2022-11-30T10:04:16","modified_gmt":"2022-11-30T09:04:16","slug":"unsere-kinder-haben-zum-thema-frieden-gemalt","status":"publish","type":"post","link":"https:\/\/wp.sprachtherapie-duisburg.de\/aktuelles\/2022\/04\/unsere-kinder-haben-zum-thema-frieden-gemalt\/","title":{"rendered":"Unsere Therapiekinder haben zum Thema Frieden gemalt"},"content":{"rendered":"\n<p class=\"has-text-align-justify wp-block-paragraph\"><\/p>\n\n\n\n<p class=\"has-text-align-justify wp-block-paragraph\">Alle Bilder h\u00e4ngen nun zun\u00e4chst in in unserer Praxis in der Holsteiner Stra\u00dfe aus. <br>Sp\u00e4ter sollen sie auch in unseren anderen Praxen ausgestellt werden. <\/p>\n\n\n\n<p class=\"has-text-align-justify wp-block-paragraph\">Wir waren v\u00f6llig \u00fcberw\u00e4ltigt von der Resonanz unserer kleinen und gro\u00dfen K\u00fcnstler, die das Thema Frieden offenbar sehr bewegt.<\/p>\n\n\n\n<p class=\"wp-block-paragraph\"><\/p>\n\n\n\n<p class=\"wp-block-paragraph\"><strong>Vielen Dank an alle unsere K\u00fcnstler<\/strong><\/p>\n\n\n\n<p class=\"wp-block-paragraph\"><\/p>\n\n\n\n<div class=\"wp-block-jetpack-tiled-gallery aligncenter is-style-rectangular has-very-light-gray-to-cyan-bluish-gray-gradient-background has-background\"><div class=\"tiled-gallery__gallery\"><div class=\"tiled-gallery__row\"><div class=\"tiled-gallery__col\" style=\"flex-basis:66.74718%\"><figure class=\"tiled-gallery__item\"><a href=\"https:\/\/i0.wp.com\/wp.sprachtherapie-duisburg.de\/wp-content\/uploads\/2022\/04\/image-20220704-173153.jpeg?ssl=1\"><img decoding=\"async\" srcset=\"https:\/\/i1.wp.com\/wp.sprachtherapie-duisburg.de\/wp-content\/uploads\/2022\/04\/image-20220704-173153.jpeg?strip=info&#038;w=600&#038;ssl=1 600w,https:\/\/i1.wp.com\/wp.sprachtherapie-duisburg.de\/wp-content\/uploads\/2022\/04\/image-20220704-173153.jpeg?strip=info&#038;w=900&#038;ssl=1 900w,https:\/\/i1.wp.com\/wp.sprachtherapie-duisburg.de\/wp-content\/uploads\/2022\/04\/image-20220704-173153.jpeg?strip=info&#038;w=1200&#038;ssl=1 1200w,https:\/\/i1.wp.com\/wp.sprachtherapie-duisburg.de\/wp-content\/uploads\/2022\/04\/image-20220704-173153.jpeg?strip=info&#038;w=1500&#038;ssl=1 1500w,https:\/\/i1.wp.com\/wp.sprachtherapie-duisburg.de\/wp-content\/uploads\/2022\/04\/image-20220704-173153.jpeg?strip=info&#038;w=1600&#038;ssl=1 1600w\" alt=\"\" data-height=\"1200\" data-id=\"832\" data-link=\"https:\/\/wp.sprachtherapie-duisburg.de\/image-20220704-173153\/\" data-url=\"https:\/\/wp.sprachtherapie-duisburg.de\/wp-content\/uploads\/2022\/04\/image-20220704-173153.jpeg\" data-width=\"1600\" src=\"https:\/\/i1.wp.com\/wp.sprachtherapie-duisburg.de\/wp-content\/uploads\/2022\/04\/image-20220704-173153.jpeg?ssl=1\" data-amp-layout=\"responsive\"\/><\/a><\/figure><\/div><div class=\"tiled-gallery__col\" style=\"flex-basis:33.25282%\"><figure class=\"tiled-gallery__item\"><a href=\"https:\/\/i0.wp.com\/wp.sprachtherapie-duisburg.de\/wp-content\/uploads\/2022\/04\/image-20220704-173151.jpeg?ssl=1\"><img decoding=\"async\" srcset=\"https:\/\/i0.wp.com\/wp.sprachtherapie-duisburg.de\/wp-content\/uploads\/2022\/04\/image-20220704-173151.jpeg?strip=info&#038;w=600&#038;ssl=1 600w,https:\/\/i0.wp.com\/wp.sprachtherapie-duisburg.de\/wp-content\/uploads\/2022\/04\/image-20220704-173151.jpeg?strip=info&#038;w=900&#038;ssl=1 900w,https:\/\/i0.wp.com\/wp.sprachtherapie-duisburg.de\/wp-content\/uploads\/2022\/04\/image-20220704-173151.jpeg?strip=info&#038;w=1200&#038;ssl=1 1200w,https:\/\/i0.wp.com\/wp.sprachtherapie-duisburg.de\/wp-content\/uploads\/2022\/04\/image-20220704-173151.jpeg?strip=info&#038;w=1500&#038;ssl=1 1500w,https:\/\/i0.wp.com\/wp.sprachtherapie-duisburg.de\/wp-content\/uploads\/2022\/04\/image-20220704-173151.jpeg?strip=info&#038;w=1600&#038;ssl=1 1600w\" alt=\"\" data-height=\"1200\" data-id=\"831\" data-link=\"https:\/\/wp.sprachtherapie-duisburg.de\/image-20220704-173151\/\" data-url=\"https:\/\/wp.sprachtherapie-duisburg.de\/wp-content\/uploads\/2022\/04\/image-20220704-173151.jpeg\" data-width=\"1600\" src=\"https:\/\/i0.wp.com\/wp.sprachtherapie-duisburg.de\/wp-content\/uploads\/2022\/04\/image-20220704-173151.jpeg?ssl=1\" data-amp-layout=\"responsive\"\/><\/a><\/figure><figure class=\"tiled-gallery__item\"><a href=\"https:\/\/i0.wp.com\/wp.sprachtherapie-duisburg.de\/wp-content\/uploads\/2022\/04\/image-20220704-172926.jpeg?ssl=1\"><img decoding=\"async\" srcset=\"https:\/\/i1.wp.com\/wp.sprachtherapie-duisburg.de\/wp-content\/uploads\/2022\/04\/image-20220704-172926.jpeg?strip=info&#038;w=600&#038;ssl=1 600w,https:\/\/i1.wp.com\/wp.sprachtherapie-duisburg.de\/wp-content\/uploads\/2022\/04\/image-20220704-172926.jpeg?strip=info&#038;w=900&#038;ssl=1 900w,https:\/\/i1.wp.com\/wp.sprachtherapie-duisburg.de\/wp-content\/uploads\/2022\/04\/image-20220704-172926.jpeg?strip=info&#038;w=1200&#038;ssl=1 1200w,https:\/\/i1.wp.com\/wp.sprachtherapie-duisburg.de\/wp-content\/uploads\/2022\/04\/image-20220704-172926.jpeg?strip=info&#038;w=1500&#038;ssl=1 1500w,https:\/\/i1.wp.com\/wp.sprachtherapie-duisburg.de\/wp-content\/uploads\/2022\/04\/image-20220704-172926.jpeg?strip=info&#038;w=1600&#038;ssl=1 1600w\" alt=\"\" data-height=\"1200\" data-id=\"830\" data-link=\"https:\/\/wp.sprachtherapie-duisburg.de\/image-20220704-172926\/\" data-url=\"https:\/\/wp.sprachtherapie-duisburg.de\/wp-content\/uploads\/2022\/04\/image-20220704-172926.jpeg\" data-width=\"1600\" src=\"https:\/\/i1.wp.com\/wp.sprachtherapie-duisburg.de\/wp-content\/uploads\/2022\/04\/image-20220704-172926.jpeg?ssl=1\" data-amp-layout=\"responsive\"\/><\/a><\/figure><\/div><\/div><div class=\"tiled-gallery__row\"><div class=\"tiled-gallery__col\" style=\"flex-basis:33.33333%\"><figure class=\"tiled-gallery__item\"><a href=\"https:\/\/i0.wp.com\/wp.sprachtherapie-duisburg.de\/wp-content\/uploads\/2022\/04\/image-20220704-172925.jpeg?ssl=1\"><img decoding=\"async\" srcset=\"https:\/\/i2.wp.com\/wp.sprachtherapie-duisburg.de\/wp-content\/uploads\/2022\/04\/image-20220704-172925.jpeg?strip=info&#038;w=600&#038;ssl=1 600w,https:\/\/i2.wp.com\/wp.sprachtherapie-duisburg.de\/wp-content\/uploads\/2022\/04\/image-20220704-172925.jpeg?strip=info&#038;w=900&#038;ssl=1 900w,https:\/\/i2.wp.com\/wp.sprachtherapie-duisburg.de\/wp-content\/uploads\/2022\/04\/image-20220704-172925.jpeg?strip=info&#038;w=1200&#038;ssl=1 1200w,https:\/\/i2.wp.com\/wp.sprachtherapie-duisburg.de\/wp-content\/uploads\/2022\/04\/image-20220704-172925.jpeg?strip=info&#038;w=1500&#038;ssl=1 1500w,https:\/\/i2.wp.com\/wp.sprachtherapie-duisburg.de\/wp-content\/uploads\/2022\/04\/image-20220704-172925.jpeg?strip=info&#038;w=1600&#038;ssl=1 1600w\" alt=\"\" data-height=\"1200\" data-id=\"829\" data-link=\"https:\/\/wp.sprachtherapie-duisburg.de\/image-20220704-172925\/\" data-url=\"https:\/\/wp.sprachtherapie-duisburg.de\/wp-content\/uploads\/2022\/04\/image-20220704-172925.jpeg\" data-width=\"1600\" src=\"https:\/\/i2.wp.com\/wp.sprachtherapie-duisburg.de\/wp-content\/uploads\/2022\/04\/image-20220704-172925.jpeg?ssl=1\" data-amp-layout=\"responsive\"\/><\/a><\/figure><\/div><div class=\"tiled-gallery__col\" style=\"flex-basis:33.33333%\"><figure class=\"tiled-gallery__item\"><a href=\"https:\/\/i0.wp.com\/wp.sprachtherapie-duisburg.de\/wp-content\/uploads\/2022\/04\/image-20220704-172924.jpeg?ssl=1\"><img decoding=\"async\" srcset=\"https:\/\/i1.wp.com\/wp.sprachtherapie-duisburg.de\/wp-content\/uploads\/2022\/04\/image-20220704-172924.jpeg?strip=info&#038;w=600&#038;ssl=1 600w,https:\/\/i1.wp.com\/wp.sprachtherapie-duisburg.de\/wp-content\/uploads\/2022\/04\/image-20220704-172924.jpeg?strip=info&#038;w=900&#038;ssl=1 900w,https:\/\/i1.wp.com\/wp.sprachtherapie-duisburg.de\/wp-content\/uploads\/2022\/04\/image-20220704-172924.jpeg?strip=info&#038;w=1200&#038;ssl=1 1200w\" alt=\"\" data-height=\"1600\" data-id=\"828\" data-link=\"https:\/\/wp.sprachtherapie-duisburg.de\/image-20220704-172924\/\" data-url=\"https:\/\/wp.sprachtherapie-duisburg.de\/wp-content\/uploads\/2022\/04\/image-20220704-172924.jpeg\" data-width=\"1200\" src=\"https:\/\/i1.wp.com\/wp.sprachtherapie-duisburg.de\/wp-content\/uploads\/2022\/04\/image-20220704-172924.jpeg?ssl=1\" data-amp-layout=\"responsive\"\/><\/a><\/figure><\/div><div class=\"tiled-gallery__col\" style=\"flex-basis:33.33333%\"><figure class=\"tiled-gallery__item\"><a href=\"https:\/\/i0.wp.com\/wp.sprachtherapie-duisburg.de\/wp-content\/uploads\/2022\/04\/image-20220704-172921.jpeg?ssl=1\"><img decoding=\"async\" srcset=\"https:\/\/i2.wp.com\/wp.sprachtherapie-duisburg.de\/wp-content\/uploads\/2022\/04\/image-20220704-172921.jpeg?strip=info&#038;w=600&#038;ssl=1 600w,https:\/\/i2.wp.com\/wp.sprachtherapie-duisburg.de\/wp-content\/uploads\/2022\/04\/image-20220704-172921.jpeg?strip=info&#038;w=900&#038;ssl=1 900w,https:\/\/i2.wp.com\/wp.sprachtherapie-duisburg.de\/wp-content\/uploads\/2022\/04\/image-20220704-172921.jpeg?strip=info&#038;w=1200&#038;ssl=1 1200w,https:\/\/i2.wp.com\/wp.sprachtherapie-duisburg.de\/wp-content\/uploads\/2022\/04\/image-20220704-172921.jpeg?strip=info&#038;w=1500&#038;ssl=1 1500w,https:\/\/i2.wp.com\/wp.sprachtherapie-duisburg.de\/wp-content\/uploads\/2022\/04\/image-20220704-172921.jpeg?strip=info&#038;w=1600&#038;ssl=1 1600w\" alt=\"\" data-height=\"1200\" data-id=\"827\" data-link=\"https:\/\/wp.sprachtherapie-duisburg.de\/image-20220704-172921\/\" data-url=\"https:\/\/wp.sprachtherapie-duisburg.de\/wp-content\/uploads\/2022\/04\/image-20220704-172921.jpeg\" data-width=\"1600\" src=\"https:\/\/i2.wp.com\/wp.sprachtherapie-duisburg.de\/wp-content\/uploads\/2022\/04\/image-20220704-172921.jpeg?ssl=1\" data-amp-layout=\"responsive\"\/><\/a><\/figure><\/div><\/div><div class=\"tiled-gallery__row\"><div class=\"tiled-gallery__col\" style=\"flex-basis:33.25282%\"><figure class=\"tiled-gallery__item\"><a href=\"https:\/\/i0.wp.com\/wp.sprachtherapie-duisburg.de\/wp-content\/uploads\/2022\/04\/image-20220704-172918.jpeg?ssl=1\"><img decoding=\"async\" srcset=\"https:\/\/i1.wp.com\/wp.sprachtherapie-duisburg.de\/wp-content\/uploads\/2022\/04\/image-20220704-172918.jpeg?strip=info&#038;w=600&#038;ssl=1 600w,https:\/\/i1.wp.com\/wp.sprachtherapie-duisburg.de\/wp-content\/uploads\/2022\/04\/image-20220704-172918.jpeg?strip=info&#038;w=900&#038;ssl=1 900w,https:\/\/i1.wp.com\/wp.sprachtherapie-duisburg.de\/wp-content\/uploads\/2022\/04\/image-20220704-172918.jpeg?strip=info&#038;w=1200&#038;ssl=1 1200w,https:\/\/i1.wp.com\/wp.sprachtherapie-duisburg.de\/wp-content\/uploads\/2022\/04\/image-20220704-172918.jpeg?strip=info&#038;w=1500&#038;ssl=1 1500w,https:\/\/i1.wp.com\/wp.sprachtherapie-duisburg.de\/wp-content\/uploads\/2022\/04\/image-20220704-172918.jpeg?strip=info&#038;w=1600&#038;ssl=1 1600w\" alt=\"\" data-height=\"1200\" data-id=\"826\" data-link=\"https:\/\/wp.sprachtherapie-duisburg.de\/image-20220704-172918\/\" data-url=\"https:\/\/wp.sprachtherapie-duisburg.de\/wp-content\/uploads\/2022\/04\/image-20220704-172918.jpeg\" data-width=\"1600\" src=\"https:\/\/i1.wp.com\/wp.sprachtherapie-duisburg.de\/wp-content\/uploads\/2022\/04\/image-20220704-172918.jpeg?ssl=1\" data-amp-layout=\"responsive\"\/><\/a><\/figure><figure class=\"tiled-gallery__item\"><a href=\"https:\/\/i0.wp.com\/wp.sprachtherapie-duisburg.de\/wp-content\/uploads\/2022\/04\/image-20220704-172916.jpeg?ssl=1\"><img decoding=\"async\" srcset=\"https:\/\/i1.wp.com\/wp.sprachtherapie-duisburg.de\/wp-content\/uploads\/2022\/04\/image-20220704-172916.jpeg?strip=info&#038;w=600&#038;ssl=1 600w,https:\/\/i1.wp.com\/wp.sprachtherapie-duisburg.de\/wp-content\/uploads\/2022\/04\/image-20220704-172916.jpeg?strip=info&#038;w=900&#038;ssl=1 900w,https:\/\/i1.wp.com\/wp.sprachtherapie-duisburg.de\/wp-content\/uploads\/2022\/04\/image-20220704-172916.jpeg?strip=info&#038;w=1200&#038;ssl=1 1200w,https:\/\/i1.wp.com\/wp.sprachtherapie-duisburg.de\/wp-content\/uploads\/2022\/04\/image-20220704-172916.jpeg?strip=info&#038;w=1500&#038;ssl=1 1500w,https:\/\/i1.wp.com\/wp.sprachtherapie-duisburg.de\/wp-content\/uploads\/2022\/04\/image-20220704-172916.jpeg?strip=info&#038;w=1600&#038;ssl=1 1600w\" alt=\"\" data-height=\"1200\" data-id=\"825\" data-link=\"https:\/\/wp.sprachtherapie-duisburg.de\/image-20220704-172916\/\" data-url=\"https:\/\/wp.sprachtherapie-duisburg.de\/wp-content\/uploads\/2022\/04\/image-20220704-172916.jpeg\" data-width=\"1600\" src=\"https:\/\/i1.wp.com\/wp.sprachtherapie-duisburg.de\/wp-content\/uploads\/2022\/04\/image-20220704-172916.jpeg?ssl=1\" data-amp-layout=\"responsive\"\/><\/a><\/figure><\/div><div class=\"tiled-gallery__col\" style=\"flex-basis:66.74718%\"><figure class=\"tiled-gallery__item\"><a href=\"https:\/\/i0.wp.com\/wp.sprachtherapie-duisburg.de\/wp-content\/uploads\/2022\/04\/image-20220704-172915.jpeg?ssl=1\"><img decoding=\"async\" srcset=\"https:\/\/i2.wp.com\/wp.sprachtherapie-duisburg.de\/wp-content\/uploads\/2022\/04\/image-20220704-172915.jpeg?strip=info&#038;w=600&#038;ssl=1 600w,https:\/\/i2.wp.com\/wp.sprachtherapie-duisburg.de\/wp-content\/uploads\/2022\/04\/image-20220704-172915.jpeg?strip=info&#038;w=900&#038;ssl=1 900w,https:\/\/i2.wp.com\/wp.sprachtherapie-duisburg.de\/wp-content\/uploads\/2022\/04\/image-20220704-172915.jpeg?strip=info&#038;w=1200&#038;ssl=1 1200w,https:\/\/i2.wp.com\/wp.sprachtherapie-duisburg.de\/wp-content\/uploads\/2022\/04\/image-20220704-172915.jpeg?strip=info&#038;w=1500&#038;ssl=1 1500w,https:\/\/i2.wp.com\/wp.sprachtherapie-duisburg.de\/wp-content\/uploads\/2022\/04\/image-20220704-172915.jpeg?strip=info&#038;w=1600&#038;ssl=1 1600w\" alt=\"\" data-height=\"1200\" data-id=\"824\" data-link=\"https:\/\/wp.sprachtherapie-duisburg.de\/image-20220704-172915\/\" data-url=\"https:\/\/wp.sprachtherapie-duisburg.de\/wp-content\/uploads\/2022\/04\/image-20220704-172915.jpeg\" data-width=\"1600\" src=\"https:\/\/i2.wp.com\/wp.sprachtherapie-duisburg.de\/wp-content\/uploads\/2022\/04\/image-20220704-172915.jpeg?ssl=1\" data-amp-layout=\"responsive\"\/><\/a><\/figure><\/div><\/div><div class=\"tiled-gallery__row\"><div class=\"tiled-gallery__col\" style=\"flex-basis:50.00000%\"><figure class=\"tiled-gallery__item\"><a href=\"https:\/\/i0.wp.com\/wp.sprachtherapie-duisburg.de\/wp-content\/uploads\/2022\/04\/image-20220704-172913.jpeg?ssl=1\"><img decoding=\"async\" srcset=\"https:\/\/i2.wp.com\/wp.sprachtherapie-duisburg.de\/wp-content\/uploads\/2022\/04\/image-20220704-172913.jpeg?strip=info&#038;w=600&#038;ssl=1 600w,https:\/\/i2.wp.com\/wp.sprachtherapie-duisburg.de\/wp-content\/uploads\/2022\/04\/image-20220704-172913.jpeg?strip=info&#038;w=900&#038;ssl=1 900w,https:\/\/i2.wp.com\/wp.sprachtherapie-duisburg.de\/wp-content\/uploads\/2022\/04\/image-20220704-172913.jpeg?strip=info&#038;w=1200&#038;ssl=1 1200w,https:\/\/i2.wp.com\/wp.sprachtherapie-duisburg.de\/wp-content\/uploads\/2022\/04\/image-20220704-172913.jpeg?strip=info&#038;w=1500&#038;ssl=1 1500w,https:\/\/i2.wp.com\/wp.sprachtherapie-duisburg.de\/wp-content\/uploads\/2022\/04\/image-20220704-172913.jpeg?strip=info&#038;w=1600&#038;ssl=1 1600w\" alt=\"\" data-height=\"1200\" data-id=\"823\" data-link=\"https:\/\/wp.sprachtherapie-duisburg.de\/image-20220704-172913\/\" data-url=\"https:\/\/wp.sprachtherapie-duisburg.de\/wp-content\/uploads\/2022\/04\/image-20220704-172913.jpeg\" data-width=\"1600\" src=\"https:\/\/i2.wp.com\/wp.sprachtherapie-duisburg.de\/wp-content\/uploads\/2022\/04\/image-20220704-172913.jpeg?ssl=1\" data-amp-layout=\"responsive\"\/><\/a><\/figure><\/div><div class=\"tiled-gallery__col\" style=\"flex-basis:50.00000%\"><figure class=\"tiled-gallery__item\"><a href=\"https:\/\/i0.wp.com\/wp.sprachtherapie-duisburg.de\/wp-content\/uploads\/2022\/04\/image-20220704-172910.jpeg?ssl=1\"><img decoding=\"async\" srcset=\"https:\/\/i1.wp.com\/wp.sprachtherapie-duisburg.de\/wp-content\/uploads\/2022\/04\/image-20220704-172910.jpeg?strip=info&#038;w=600&#038;ssl=1 600w,https:\/\/i1.wp.com\/wp.sprachtherapie-duisburg.de\/wp-content\/uploads\/2022\/04\/image-20220704-172910.jpeg?strip=info&#038;w=900&#038;ssl=1 900w,https:\/\/i1.wp.com\/wp.sprachtherapie-duisburg.de\/wp-content\/uploads\/2022\/04\/image-20220704-172910.jpeg?strip=info&#038;w=1200&#038;ssl=1 1200w,https:\/\/i1.wp.com\/wp.sprachtherapie-duisburg.de\/wp-content\/uploads\/2022\/04\/image-20220704-172910.jpeg?strip=info&#038;w=1500&#038;ssl=1 1500w,https:\/\/i1.wp.com\/wp.sprachtherapie-duisburg.de\/wp-content\/uploads\/2022\/04\/image-20220704-172910.jpeg?strip=info&#038;w=1600&#038;ssl=1 1600w\" alt=\"\" data-height=\"1200\" data-id=\"822\" data-link=\"https:\/\/wp.sprachtherapie-duisburg.de\/image-20220704-172910\/\" data-url=\"https:\/\/wp.sprachtherapie-duisburg.de\/wp-content\/uploads\/2022\/04\/image-20220704-172910.jpeg\" data-width=\"1600\" src=\"https:\/\/i1.wp.com\/wp.sprachtherapie-duisburg.de\/wp-content\/uploads\/2022\/04\/image-20220704-172910.jpeg?ssl=1\" data-amp-layout=\"responsive\"\/><\/a><\/figure><\/div><\/div><div class=\"tiled-gallery__row\"><div class=\"tiled-gallery__col\" style=\"flex-basis:66.74718%\"><figure class=\"tiled-gallery__item\"><a href=\"https:\/\/i0.wp.com\/wp.sprachtherapie-duisburg.de\/wp-content\/uploads\/2022\/04\/image-20220704-172839.jpeg?ssl=1\"><img decoding=\"async\" srcset=\"https:\/\/i2.wp.com\/wp.sprachtherapie-duisburg.de\/wp-content\/uploads\/2022\/04\/image-20220704-172839.jpeg?strip=info&#038;w=600&#038;ssl=1 600w,https:\/\/i2.wp.com\/wp.sprachtherapie-duisburg.de\/wp-content\/uploads\/2022\/04\/image-20220704-172839.jpeg?strip=info&#038;w=900&#038;ssl=1 900w,https:\/\/i2.wp.com\/wp.sprachtherapie-duisburg.de\/wp-content\/uploads\/2022\/04\/image-20220704-172839.jpeg?strip=info&#038;w=1200&#038;ssl=1 1200w,https:\/\/i2.wp.com\/wp.sprachtherapie-duisburg.de\/wp-content\/uploads\/2022\/04\/image-20220704-172839.jpeg?strip=info&#038;w=1500&#038;ssl=1 1500w,https:\/\/i2.wp.com\/wp.sprachtherapie-duisburg.de\/wp-content\/uploads\/2022\/04\/image-20220704-172839.jpeg?strip=info&#038;w=1600&#038;ssl=1 1600w\" alt=\"\" data-height=\"1200\" data-id=\"821\" data-link=\"https:\/\/wp.sprachtherapie-duisburg.de\/image-20220704-172839\/\" data-url=\"https:\/\/wp.sprachtherapie-duisburg.de\/wp-content\/uploads\/2022\/04\/image-20220704-172839.jpeg\" data-width=\"1600\" src=\"https:\/\/i2.wp.com\/wp.sprachtherapie-duisburg.de\/wp-content\/uploads\/2022\/04\/image-20220704-172839.jpeg?ssl=1\" data-amp-layout=\"responsive\"\/><\/a><\/figure><\/div><div class=\"tiled-gallery__col\" style=\"flex-basis:33.25282%\"><figure class=\"tiled-gallery__item\"><a href=\"https:\/\/i0.wp.com\/wp.sprachtherapie-duisburg.de\/wp-content\/uploads\/2022\/04\/image-20220704-172837.jpeg?ssl=1\"><img decoding=\"async\" srcset=\"https:\/\/i2.wp.com\/wp.sprachtherapie-duisburg.de\/wp-content\/uploads\/2022\/04\/image-20220704-172837.jpeg?strip=info&#038;w=600&#038;ssl=1 600w,https:\/\/i2.wp.com\/wp.sprachtherapie-duisburg.de\/wp-content\/uploads\/2022\/04\/image-20220704-172837.jpeg?strip=info&#038;w=900&#038;ssl=1 900w,https:\/\/i2.wp.com\/wp.sprachtherapie-duisburg.de\/wp-content\/uploads\/2022\/04\/image-20220704-172837.jpeg?strip=info&#038;w=1200&#038;ssl=1 1200w,https:\/\/i2.wp.com\/wp.sprachtherapie-duisburg.de\/wp-content\/uploads\/2022\/04\/image-20220704-172837.jpeg?strip=info&#038;w=1500&#038;ssl=1 1500w,https:\/\/i2.wp.com\/wp.sprachtherapie-duisburg.de\/wp-content\/uploads\/2022\/04\/image-20220704-172837.jpeg?strip=info&#038;w=1600&#038;ssl=1 1600w\" alt=\"\" data-height=\"1200\" data-id=\"820\" data-link=\"https:\/\/wp.sprachtherapie-duisburg.de\/image-20220704-172837\/\" data-url=\"https:\/\/wp.sprachtherapie-duisburg.de\/wp-content\/uploads\/2022\/04\/image-20220704-172837.jpeg\" data-width=\"1600\" src=\"https:\/\/i2.wp.com\/wp.sprachtherapie-duisburg.de\/wp-content\/uploads\/2022\/04\/image-20220704-172837.jpeg?ssl=1\" data-amp-layout=\"responsive\"\/><\/a><\/figure><figure class=\"tiled-gallery__item\"><a href=\"https:\/\/i0.wp.com\/wp.sprachtherapie-duisburg.de\/wp-content\/uploads\/2022\/04\/image-20220704-172835.jpeg?ssl=1\"><img decoding=\"async\" srcset=\"https:\/\/i0.wp.com\/wp.sprachtherapie-duisburg.de\/wp-content\/uploads\/2022\/04\/image-20220704-172835.jpeg?strip=info&#038;w=600&#038;ssl=1 600w,https:\/\/i0.wp.com\/wp.sprachtherapie-duisburg.de\/wp-content\/uploads\/2022\/04\/image-20220704-172835.jpeg?strip=info&#038;w=900&#038;ssl=1 900w,https:\/\/i0.wp.com\/wp.sprachtherapie-duisburg.de\/wp-content\/uploads\/2022\/04\/image-20220704-172835.jpeg?strip=info&#038;w=1200&#038;ssl=1 1200w,https:\/\/i0.wp.com\/wp.sprachtherapie-duisburg.de\/wp-content\/uploads\/2022\/04\/image-20220704-172835.jpeg?strip=info&#038;w=1500&#038;ssl=1 1500w,https:\/\/i0.wp.com\/wp.sprachtherapie-duisburg.de\/wp-content\/uploads\/2022\/04\/image-20220704-172835.jpeg?strip=info&#038;w=1600&#038;ssl=1 1600w\" alt=\"\" data-height=\"1200\" data-id=\"819\" data-link=\"https:\/\/wp.sprachtherapie-duisburg.de\/image-20220704-172835\/\" data-url=\"https:\/\/wp.sprachtherapie-duisburg.de\/wp-content\/uploads\/2022\/04\/image-20220704-172835.jpeg\" data-width=\"1600\" src=\"https:\/\/i0.wp.com\/wp.sprachtherapie-duisburg.de\/wp-content\/uploads\/2022\/04\/image-20220704-172835.jpeg?ssl=1\" data-amp-layout=\"responsive\"\/><\/a><\/figure><\/div><\/div><div class=\"tiled-gallery__row\"><div class=\"tiled-gallery__col\" style=\"flex-basis:33.33333%\"><figure class=\"tiled-gallery__item\"><a href=\"https:\/\/i0.wp.com\/wp.sprachtherapie-duisburg.de\/wp-content\/uploads\/2022\/04\/image-20220704-172834.jpeg?ssl=1\"><img decoding=\"async\" srcset=\"https:\/\/i1.wp.com\/wp.sprachtherapie-duisburg.de\/wp-content\/uploads\/2022\/04\/image-20220704-172834.jpeg?strip=info&#038;w=600&#038;ssl=1 600w,https:\/\/i1.wp.com\/wp.sprachtherapie-duisburg.de\/wp-content\/uploads\/2022\/04\/image-20220704-172834.jpeg?strip=info&#038;w=900&#038;ssl=1 900w,https:\/\/i1.wp.com\/wp.sprachtherapie-duisburg.de\/wp-content\/uploads\/2022\/04\/image-20220704-172834.jpeg?strip=info&#038;w=1200&#038;ssl=1 1200w,https:\/\/i1.wp.com\/wp.sprachtherapie-duisburg.de\/wp-content\/uploads\/2022\/04\/image-20220704-172834.jpeg?strip=info&#038;w=1500&#038;ssl=1 1500w,https:\/\/i1.wp.com\/wp.sprachtherapie-duisburg.de\/wp-content\/uploads\/2022\/04\/image-20220704-172834.jpeg?strip=info&#038;w=1600&#038;ssl=1 1600w\" alt=\"\" data-height=\"1200\" data-id=\"818\" data-link=\"https:\/\/wp.sprachtherapie-duisburg.de\/image-20220704-172834\/\" data-url=\"https:\/\/wp.sprachtherapie-duisburg.de\/wp-content\/uploads\/2022\/04\/image-20220704-172834.jpeg\" data-width=\"1600\" src=\"https:\/\/i1.wp.com\/wp.sprachtherapie-duisburg.de\/wp-content\/uploads\/2022\/04\/image-20220704-172834.jpeg?ssl=1\" data-amp-layout=\"responsive\"\/><\/a><\/figure><\/div><div class=\"tiled-gallery__col\" style=\"flex-basis:33.33333%\"><figure class=\"tiled-gallery__item\"><a href=\"https:\/\/i0.wp.com\/wp.sprachtherapie-duisburg.de\/wp-content\/uploads\/2022\/04\/image-20220704-172833.jpeg?ssl=1\"><img decoding=\"async\" srcset=\"https:\/\/i0.wp.com\/wp.sprachtherapie-duisburg.de\/wp-content\/uploads\/2022\/04\/image-20220704-172833.jpeg?strip=info&#038;w=600&#038;ssl=1 600w,https:\/\/i0.wp.com\/wp.sprachtherapie-duisburg.de\/wp-content\/uploads\/2022\/04\/image-20220704-172833.jpeg?strip=info&#038;w=900&#038;ssl=1 900w,https:\/\/i0.wp.com\/wp.sprachtherapie-duisburg.de\/wp-content\/uploads\/2022\/04\/image-20220704-172833.jpeg?strip=info&#038;w=1200&#038;ssl=1 1200w,https:\/\/i0.wp.com\/wp.sprachtherapie-duisburg.de\/wp-content\/uploads\/2022\/04\/image-20220704-172833.jpeg?strip=info&#038;w=1500&#038;ssl=1 1500w,https:\/\/i0.wp.com\/wp.sprachtherapie-duisburg.de\/wp-content\/uploads\/2022\/04\/image-20220704-172833.jpeg?strip=info&#038;w=1600&#038;ssl=1 1600w\" alt=\"\" data-height=\"1200\" data-id=\"817\" data-link=\"https:\/\/wp.sprachtherapie-duisburg.de\/image-20220704-172833\/\" data-url=\"https:\/\/wp.sprachtherapie-duisburg.de\/wp-content\/uploads\/2022\/04\/image-20220704-172833.jpeg\" data-width=\"1600\" src=\"https:\/\/i0.wp.com\/wp.sprachtherapie-duisburg.de\/wp-content\/uploads\/2022\/04\/image-20220704-172833.jpeg?ssl=1\" data-amp-layout=\"responsive\"\/><\/a><\/figure><\/div><div class=\"tiled-gallery__col\" style=\"flex-basis:33.33333%\"><figure class=\"tiled-gallery__item\"><a href=\"https:\/\/i0.wp.com\/wp.sprachtherapie-duisburg.de\/wp-content\/uploads\/2022\/04\/image-20220704-172831.jpeg?ssl=1\"><img decoding=\"async\" srcset=\"https:\/\/i0.wp.com\/wp.sprachtherapie-duisburg.de\/wp-content\/uploads\/2022\/04\/image-20220704-172831.jpeg?strip=info&#038;w=600&#038;ssl=1 600w,https:\/\/i0.wp.com\/wp.sprachtherapie-duisburg.de\/wp-content\/uploads\/2022\/04\/image-20220704-172831.jpeg?strip=info&#038;w=900&#038;ssl=1 900w,https:\/\/i0.wp.com\/wp.sprachtherapie-duisburg.de\/wp-content\/uploads\/2022\/04\/image-20220704-172831.jpeg?strip=info&#038;w=1200&#038;ssl=1 1200w,https:\/\/i0.wp.com\/wp.sprachtherapie-duisburg.de\/wp-content\/uploads\/2022\/04\/image-20220704-172831.jpeg?strip=info&#038;w=1500&#038;ssl=1 1500w,https:\/\/i0.wp.com\/wp.sprachtherapie-duisburg.de\/wp-content\/uploads\/2022\/04\/image-20220704-172831.jpeg?strip=info&#038;w=1600&#038;ssl=1 1600w\" alt=\"\" data-height=\"1200\" data-id=\"816\" data-link=\"https:\/\/wp.sprachtherapie-duisburg.de\/image-20220704-172831\/\" data-url=\"https:\/\/wp.sprachtherapie-duisburg.de\/wp-content\/uploads\/2022\/04\/image-20220704-172831.jpeg\" data-width=\"1600\" src=\"https:\/\/i0.wp.com\/wp.sprachtherapie-duisburg.de\/wp-content\/uploads\/2022\/04\/image-20220704-172831.jpeg?ssl=1\" data-amp-layout=\"responsive\"\/><\/a><\/figure><\/div><\/div><div class=\"tiled-gallery__row\"><div class=\"tiled-gallery__col\" style=\"flex-basis:33.25282%\"><figure class=\"tiled-gallery__item\"><a href=\"https:\/\/i0.wp.com\/wp.sprachtherapie-duisburg.de\/wp-content\/uploads\/2022\/04\/image-20220704-172829.jpeg?ssl=1\"><img decoding=\"async\" srcset=\"https:\/\/i1.wp.com\/wp.sprachtherapie-duisburg.de\/wp-content\/uploads\/2022\/04\/image-20220704-172829.jpeg?strip=info&#038;w=600&#038;ssl=1 600w,https:\/\/i1.wp.com\/wp.sprachtherapie-duisburg.de\/wp-content\/uploads\/2022\/04\/image-20220704-172829.jpeg?strip=info&#038;w=900&#038;ssl=1 900w,https:\/\/i1.wp.com\/wp.sprachtherapie-duisburg.de\/wp-content\/uploads\/2022\/04\/image-20220704-172829.jpeg?strip=info&#038;w=1200&#038;ssl=1 1200w,https:\/\/i1.wp.com\/wp.sprachtherapie-duisburg.de\/wp-content\/uploads\/2022\/04\/image-20220704-172829.jpeg?strip=info&#038;w=1500&#038;ssl=1 1500w,https:\/\/i1.wp.com\/wp.sprachtherapie-duisburg.de\/wp-content\/uploads\/2022\/04\/image-20220704-172829.jpeg?strip=info&#038;w=1600&#038;ssl=1 1600w\" alt=\"\" data-height=\"1200\" data-id=\"815\" data-link=\"https:\/\/wp.sprachtherapie-duisburg.de\/image-20220704-172829\/\" data-url=\"https:\/\/wp.sprachtherapie-duisburg.de\/wp-content\/uploads\/2022\/04\/image-20220704-172829.jpeg\" data-width=\"1600\" src=\"https:\/\/i1.wp.com\/wp.sprachtherapie-duisburg.de\/wp-content\/uploads\/2022\/04\/image-20220704-172829.jpeg?ssl=1\" data-amp-layout=\"responsive\"\/><\/a><\/figure><figure class=\"tiled-gallery__item\"><a href=\"https:\/\/i0.wp.com\/wp.sprachtherapie-duisburg.de\/wp-content\/uploads\/2022\/04\/image-20220704-172827.jpeg?ssl=1\"><img decoding=\"async\" srcset=\"https:\/\/i1.wp.com\/wp.sprachtherapie-duisburg.de\/wp-content\/uploads\/2022\/04\/image-20220704-172827.jpeg?strip=info&#038;w=600&#038;ssl=1 600w,https:\/\/i1.wp.com\/wp.sprachtherapie-duisburg.de\/wp-content\/uploads\/2022\/04\/image-20220704-172827.jpeg?strip=info&#038;w=900&#038;ssl=1 900w,https:\/\/i1.wp.com\/wp.sprachtherapie-duisburg.de\/wp-content\/uploads\/2022\/04\/image-20220704-172827.jpeg?strip=info&#038;w=1200&#038;ssl=1 1200w,https:\/\/i1.wp.com\/wp.sprachtherapie-duisburg.de\/wp-content\/uploads\/2022\/04\/image-20220704-172827.jpeg?strip=info&#038;w=1500&#038;ssl=1 1500w,https:\/\/i1.wp.com\/wp.sprachtherapie-duisburg.de\/wp-content\/uploads\/2022\/04\/image-20220704-172827.jpeg?strip=info&#038;w=1600&#038;ssl=1 1600w\" alt=\"\" data-height=\"1200\" data-id=\"814\" data-link=\"https:\/\/wp.sprachtherapie-duisburg.de\/image-20220704-172827\/\" data-url=\"https:\/\/wp.sprachtherapie-duisburg.de\/wp-content\/uploads\/2022\/04\/image-20220704-172827.jpeg\" data-width=\"1600\" src=\"https:\/\/i1.wp.com\/wp.sprachtherapie-duisburg.de\/wp-content\/uploads\/2022\/04\/image-20220704-172827.jpeg?ssl=1\" data-amp-layout=\"responsive\"\/><\/a><\/figure><\/div><div class=\"tiled-gallery__col\" style=\"flex-basis:66.74718%\"><figure class=\"tiled-gallery__item\"><a href=\"https:\/\/i0.wp.com\/wp.sprachtherapie-duisburg.de\/wp-content\/uploads\/2022\/04\/image-20220704-172825.jpeg?ssl=1\"><img decoding=\"async\" srcset=\"https:\/\/i1.wp.com\/wp.sprachtherapie-duisburg.de\/wp-content\/uploads\/2022\/04\/image-20220704-172825.jpeg?strip=info&#038;w=600&#038;ssl=1 600w,https:\/\/i1.wp.com\/wp.sprachtherapie-duisburg.de\/wp-content\/uploads\/2022\/04\/image-20220704-172825.jpeg?strip=info&#038;w=900&#038;ssl=1 900w,https:\/\/i1.wp.com\/wp.sprachtherapie-duisburg.de\/wp-content\/uploads\/2022\/04\/image-20220704-172825.jpeg?strip=info&#038;w=1200&#038;ssl=1 1200w,https:\/\/i1.wp.com\/wp.sprachtherapie-duisburg.de\/wp-content\/uploads\/2022\/04\/image-20220704-172825.jpeg?strip=info&#038;w=1500&#038;ssl=1 1500w,https:\/\/i1.wp.com\/wp.sprachtherapie-duisburg.de\/wp-content\/uploads\/2022\/04\/image-20220704-172825.jpeg?strip=info&#038;w=1600&#038;ssl=1 1600w\" alt=\"\" data-height=\"1200\" data-id=\"813\" data-link=\"https:\/\/wp.sprachtherapie-duisburg.de\/image-20220704-172825\/\" data-url=\"https:\/\/wp.sprachtherapie-duisburg.de\/wp-content\/uploads\/2022\/04\/image-20220704-172825.jpeg\" data-width=\"1600\" src=\"https:\/\/i1.wp.com\/wp.sprachtherapie-duisburg.de\/wp-content\/uploads\/2022\/04\/image-20220704-172825.jpeg?ssl=1\" data-amp-layout=\"responsive\"\/><\/a><\/figure><\/div><\/div><div class=\"tiled-gallery__row\"><div class=\"tiled-gallery__col\" style=\"flex-basis:50.00000%\"><figure class=\"tiled-gallery__item\"><a href=\"https:\/\/i0.wp.com\/wp.sprachtherapie-duisburg.de\/wp-content\/uploads\/2022\/04\/image-20220704-172814.jpeg?ssl=1\"><img decoding=\"async\" srcset=\"https:\/\/i2.wp.com\/wp.sprachtherapie-duisburg.de\/wp-content\/uploads\/2022\/04\/image-20220704-172814.jpeg?strip=info&#038;w=600&#038;ssl=1 600w,https:\/\/i2.wp.com\/wp.sprachtherapie-duisburg.de\/wp-content\/uploads\/2022\/04\/image-20220704-172814.jpeg?strip=info&#038;w=900&#038;ssl=1 900w,https:\/\/i2.wp.com\/wp.sprachtherapie-duisburg.de\/wp-content\/uploads\/2022\/04\/image-20220704-172814.jpeg?strip=info&#038;w=1200&#038;ssl=1 1200w,https:\/\/i2.wp.com\/wp.sprachtherapie-duisburg.de\/wp-content\/uploads\/2022\/04\/image-20220704-172814.jpeg?strip=info&#038;w=1500&#038;ssl=1 1500w,https:\/\/i2.wp.com\/wp.sprachtherapie-duisburg.de\/wp-content\/uploads\/2022\/04\/image-20220704-172814.jpeg?strip=info&#038;w=1600&#038;ssl=1 1600w\" alt=\"\" data-height=\"1200\" data-id=\"812\" data-link=\"https:\/\/wp.sprachtherapie-duisburg.de\/image-20220704-172814\/\" data-url=\"https:\/\/wp.sprachtherapie-duisburg.de\/wp-content\/uploads\/2022\/04\/image-20220704-172814.jpeg\" data-width=\"1600\" src=\"https:\/\/i2.wp.com\/wp.sprachtherapie-duisburg.de\/wp-content\/uploads\/2022\/04\/image-20220704-172814.jpeg?ssl=1\" data-amp-layout=\"responsive\"\/><\/a><\/figure><\/div><div class=\"tiled-gallery__col\" style=\"flex-basis:50.00000%\"><figure class=\"tiled-gallery__item\"><a href=\"https:\/\/i0.wp.com\/wp.sprachtherapie-duisburg.de\/wp-content\/uploads\/2022\/04\/image-20220704-172737.jpeg?ssl=1\"><img decoding=\"async\" srcset=\"https:\/\/i2.wp.com\/wp.sprachtherapie-duisburg.de\/wp-content\/uploads\/2022\/04\/image-20220704-172737.jpeg?strip=info&#038;w=600&#038;ssl=1 600w,https:\/\/i2.wp.com\/wp.sprachtherapie-duisburg.de\/wp-content\/uploads\/2022\/04\/image-20220704-172737.jpeg?strip=info&#038;w=900&#038;ssl=1 900w,https:\/\/i2.wp.com\/wp.sprachtherapie-duisburg.de\/wp-content\/uploads\/2022\/04\/image-20220704-172737.jpeg?strip=info&#038;w=1200&#038;ssl=1 1200w,https:\/\/i2.wp.com\/wp.sprachtherapie-duisburg.de\/wp-content\/uploads\/2022\/04\/image-20220704-172737.jpeg?strip=info&#038;w=1500&#038;ssl=1 1500w,https:\/\/i2.wp.com\/wp.sprachtherapie-duisburg.de\/wp-content\/uploads\/2022\/04\/image-20220704-172737.jpeg?strip=info&#038;w=1600&#038;ssl=1 1600w\" alt=\"\" data-height=\"1200\" data-id=\"811\" data-link=\"https:\/\/wp.sprachtherapie-duisburg.de\/image-20220704-172737\/\" data-url=\"https:\/\/wp.sprachtherapie-duisburg.de\/wp-content\/uploads\/2022\/04\/image-20220704-172737.jpeg\" data-width=\"1600\" src=\"https:\/\/i2.wp.com\/wp.sprachtherapie-duisburg.de\/wp-content\/uploads\/2022\/04\/image-20220704-172737.jpeg?ssl=1\" data-amp-layout=\"responsive\"\/><\/a><\/figure><\/div><\/div><div class=\"tiled-gallery__row\"><div class=\"tiled-gallery__col\" style=\"flex-basis:66.74718%\"><figure class=\"tiled-gallery__item\"><a href=\"https:\/\/i0.wp.com\/wp.sprachtherapie-duisburg.de\/wp-content\/uploads\/2022\/04\/image-20220704-172735.jpeg?ssl=1\"><img decoding=\"async\" srcset=\"https:\/\/i1.wp.com\/wp.sprachtherapie-duisburg.de\/wp-content\/uploads\/2022\/04\/image-20220704-172735.jpeg?strip=info&#038;w=600&#038;ssl=1 600w,https:\/\/i1.wp.com\/wp.sprachtherapie-duisburg.de\/wp-content\/uploads\/2022\/04\/image-20220704-172735.jpeg?strip=info&#038;w=900&#038;ssl=1 900w,https:\/\/i1.wp.com\/wp.sprachtherapie-duisburg.de\/wp-content\/uploads\/2022\/04\/image-20220704-172735.jpeg?strip=info&#038;w=1200&#038;ssl=1 1200w\" alt=\"\" data-height=\"1600\" data-id=\"810\" data-link=\"https:\/\/wp.sprachtherapie-duisburg.de\/image-20220704-172735\/\" data-url=\"https:\/\/wp.sprachtherapie-duisburg.de\/wp-content\/uploads\/2022\/04\/image-20220704-172735.jpeg\" data-width=\"1200\" src=\"https:\/\/i1.wp.com\/wp.sprachtherapie-duisburg.de\/wp-content\/uploads\/2022\/04\/image-20220704-172735.jpeg?ssl=1\" data-amp-layout=\"responsive\"\/><\/a><\/figure><\/div><div class=\"tiled-gallery__col\" style=\"flex-basis:33.25282%\"><figure class=\"tiled-gallery__item\"><a href=\"https:\/\/i0.wp.com\/wp.sprachtherapie-duisburg.de\/wp-content\/uploads\/2022\/04\/image-20220704-172732.jpeg?ssl=1\"><img decoding=\"async\" srcset=\"https:\/\/i2.wp.com\/wp.sprachtherapie-duisburg.de\/wp-content\/uploads\/2022\/04\/image-20220704-172732.jpeg?strip=info&#038;w=600&#038;ssl=1 600w,https:\/\/i2.wp.com\/wp.sprachtherapie-duisburg.de\/wp-content\/uploads\/2022\/04\/image-20220704-172732.jpeg?strip=info&#038;w=900&#038;ssl=1 900w,https:\/\/i2.wp.com\/wp.sprachtherapie-duisburg.de\/wp-content\/uploads\/2022\/04\/image-20220704-172732.jpeg?strip=info&#038;w=1200&#038;ssl=1 1200w\" alt=\"\" data-height=\"1600\" data-id=\"809\" data-link=\"https:\/\/wp.sprachtherapie-duisburg.de\/image-20220704-172732\/\" data-url=\"https:\/\/wp.sprachtherapie-duisburg.de\/wp-content\/uploads\/2022\/04\/image-20220704-172732.jpeg\" data-width=\"1200\" src=\"https:\/\/i2.wp.com\/wp.sprachtherapie-duisburg.de\/wp-content\/uploads\/2022\/04\/image-20220704-172732.jpeg?ssl=1\" data-amp-layout=\"responsive\"\/><\/a><\/figure><\/div><\/div><div class=\"tiled-gallery__row\"><div class=\"tiled-gallery__col\" style=\"flex-basis:33.33333%\"><figure class=\"tiled-gallery__item\"><a href=\"https:\/\/i0.wp.com\/wp.sprachtherapie-duisburg.de\/wp-content\/uploads\/2022\/04\/image-20220704-172728.jpeg?ssl=1\"><img decoding=\"async\" srcset=\"https:\/\/i1.wp.com\/wp.sprachtherapie-duisburg.de\/wp-content\/uploads\/2022\/04\/image-20220704-172728.jpeg?strip=info&#038;w=600&#038;ssl=1 600w,https:\/\/i1.wp.com\/wp.sprachtherapie-duisburg.de\/wp-content\/uploads\/2022\/04\/image-20220704-172728.jpeg?strip=info&#038;w=900&#038;ssl=1 900w,https:\/\/i1.wp.com\/wp.sprachtherapie-duisburg.de\/wp-content\/uploads\/2022\/04\/image-20220704-172728.jpeg?strip=info&#038;w=1200&#038;ssl=1 1200w,https:\/\/i1.wp.com\/wp.sprachtherapie-duisburg.de\/wp-content\/uploads\/2022\/04\/image-20220704-172728.jpeg?strip=info&#038;w=1500&#038;ssl=1 1500w,https:\/\/i1.wp.com\/wp.sprachtherapie-duisburg.de\/wp-content\/uploads\/2022\/04\/image-20220704-172728.jpeg?strip=info&#038;w=1600&#038;ssl=1 1600w\" alt=\"\" data-height=\"1200\" data-id=\"808\" data-link=\"https:\/\/wp.sprachtherapie-duisburg.de\/image-20220704-172728\/\" data-url=\"https:\/\/wp.sprachtherapie-duisburg.de\/wp-content\/uploads\/2022\/04\/image-20220704-172728.jpeg\" data-width=\"1600\" src=\"https:\/\/i1.wp.com\/wp.sprachtherapie-duisburg.de\/wp-content\/uploads\/2022\/04\/image-20220704-172728.jpeg?ssl=1\" data-amp-layout=\"responsive\"\/><\/a><\/figure><figure class=\"tiled-gallery__item\"><a href=\"https:\/\/i0.wp.com\/wp.sprachtherapie-duisburg.de\/wp-content\/uploads\/2022\/04\/image-20220704-172726.jpeg?ssl=1\"><img decoding=\"async\" srcset=\"https:\/\/i2.wp.com\/wp.sprachtherapie-duisburg.de\/wp-content\/uploads\/2022\/04\/image-20220704-172726.jpeg?strip=info&#038;w=600&#038;ssl=1 600w,https:\/\/i2.wp.com\/wp.sprachtherapie-duisburg.de\/wp-content\/uploads\/2022\/04\/image-20220704-172726.jpeg?strip=info&#038;w=900&#038;ssl=1 900w,https:\/\/i2.wp.com\/wp.sprachtherapie-duisburg.de\/wp-content\/uploads\/2022\/04\/image-20220704-172726.jpeg?strip=info&#038;w=1200&#038;ssl=1 1200w,https:\/\/i2.wp.com\/wp.sprachtherapie-duisburg.de\/wp-content\/uploads\/2022\/04\/image-20220704-172726.jpeg?strip=info&#038;w=1500&#038;ssl=1 1500w,https:\/\/i2.wp.com\/wp.sprachtherapie-duisburg.de\/wp-content\/uploads\/2022\/04\/image-20220704-172726.jpeg?strip=info&#038;w=1600&#038;ssl=1 1600w\" alt=\"\" data-height=\"1200\" data-id=\"807\" data-link=\"https:\/\/wp.sprachtherapie-duisburg.de\/image-20220704-172726\/\" data-url=\"https:\/\/wp.sprachtherapie-duisburg.de\/wp-content\/uploads\/2022\/04\/image-20220704-172726.jpeg\" data-width=\"1600\" src=\"https:\/\/i2.wp.com\/wp.sprachtherapie-duisburg.de\/wp-content\/uploads\/2022\/04\/image-20220704-172726.jpeg?ssl=1\" data-amp-layout=\"responsive\"\/><\/a><\/figure><figure class=\"tiled-gallery__item\"><a href=\"https:\/\/i0.wp.com\/wp.sprachtherapie-duisburg.de\/wp-content\/uploads\/2022\/04\/image-20220704-172723.jpeg?ssl=1\"><img decoding=\"async\" srcset=\"https:\/\/i1.wp.com\/wp.sprachtherapie-duisburg.de\/wp-content\/uploads\/2022\/04\/image-20220704-172723.jpeg?strip=info&#038;w=600&#038;ssl=1 600w,https:\/\/i1.wp.com\/wp.sprachtherapie-duisburg.de\/wp-content\/uploads\/2022\/04\/image-20220704-172723.jpeg?strip=info&#038;w=900&#038;ssl=1 900w,https:\/\/i1.wp.com\/wp.sprachtherapie-duisburg.de\/wp-content\/uploads\/2022\/04\/image-20220704-172723.jpeg?strip=info&#038;w=1200&#038;ssl=1 1200w,https:\/\/i1.wp.com\/wp.sprachtherapie-duisburg.de\/wp-content\/uploads\/2022\/04\/image-20220704-172723.jpeg?strip=info&#038;w=1500&#038;ssl=1 1500w,https:\/\/i1.wp.com\/wp.sprachtherapie-duisburg.de\/wp-content\/uploads\/2022\/04\/image-20220704-172723.jpeg?strip=info&#038;w=1600&#038;ssl=1 1600w\" alt=\"\" data-height=\"1200\" data-id=\"806\" data-link=\"https:\/\/wp.sprachtherapie-duisburg.de\/image-20220704-172723\/\" data-url=\"https:\/\/wp.sprachtherapie-duisburg.de\/wp-content\/uploads\/2022\/04\/image-20220704-172723.jpeg\" data-width=\"1600\" src=\"https:\/\/i1.wp.com\/wp.sprachtherapie-duisburg.de\/wp-content\/uploads\/2022\/04\/image-20220704-172723.jpeg?ssl=1\" data-amp-layout=\"responsive\"\/><\/a><\/figure><\/div><div class=\"tiled-gallery__col\" style=\"flex-basis:33.33333%\"><figure class=\"tiled-gallery__item\"><a href=\"https:\/\/i0.wp.com\/wp.sprachtherapie-duisburg.de\/wp-content\/uploads\/2022\/04\/image-20220704-172719.jpeg?ssl=1\"><img decoding=\"async\" srcset=\"https:\/\/i1.wp.com\/wp.sprachtherapie-duisburg.de\/wp-content\/uploads\/2022\/04\/image-20220704-172719.jpeg?strip=info&#038;w=600&#038;ssl=1 600w,https:\/\/i1.wp.com\/wp.sprachtherapie-duisburg.de\/wp-content\/uploads\/2022\/04\/image-20220704-172719.jpeg?strip=info&#038;w=900&#038;ssl=1 900w,https:\/\/i1.wp.com\/wp.sprachtherapie-duisburg.de\/wp-content\/uploads\/2022\/04\/image-20220704-172719.jpeg?strip=info&#038;w=1200&#038;ssl=1 1200w\" alt=\"\" data-height=\"1600\" data-id=\"805\" data-link=\"https:\/\/wp.sprachtherapie-duisburg.de\/image-20220704-172719\/\" data-url=\"https:\/\/wp.sprachtherapie-duisburg.de\/wp-content\/uploads\/2022\/04\/image-20220704-172719.jpeg\" data-width=\"1200\" src=\"https:\/\/i1.wp.com\/wp.sprachtherapie-duisburg.de\/wp-content\/uploads\/2022\/04\/image-20220704-172719.jpeg?ssl=1\" data-amp-layout=\"responsive\"\/><\/a><\/figure><\/div><div class=\"tiled-gallery__col\" style=\"flex-basis:33.33333%\"><figure class=\"tiled-gallery__item\"><a href=\"https:\/\/i0.wp.com\/wp.sprachtherapie-duisburg.de\/wp-content\/uploads\/2022\/04\/image-20220704-172716.jpeg?ssl=1\"><img decoding=\"async\" srcset=\"https:\/\/i1.wp.com\/wp.sprachtherapie-duisburg.de\/wp-content\/uploads\/2022\/04\/image-20220704-172716.jpeg?strip=info&#038;w=600&#038;ssl=1 600w,https:\/\/i1.wp.com\/wp.sprachtherapie-duisburg.de\/wp-content\/uploads\/2022\/04\/image-20220704-172716.jpeg?strip=info&#038;w=900&#038;ssl=1 900w,https:\/\/i1.wp.com\/wp.sprachtherapie-duisburg.de\/wp-content\/uploads\/2022\/04\/image-20220704-172716.jpeg?strip=info&#038;w=1200&#038;ssl=1 1200w,https:\/\/i1.wp.com\/wp.sprachtherapie-duisburg.de\/wp-content\/uploads\/2022\/04\/image-20220704-172716.jpeg?strip=info&#038;w=1500&#038;ssl=1 1500w,https:\/\/i1.wp.com\/wp.sprachtherapie-duisburg.de\/wp-content\/uploads\/2022\/04\/image-20220704-172716.jpeg?strip=info&#038;w=1600&#038;ssl=1 1600w\" alt=\"\" data-height=\"1200\" data-id=\"804\" data-link=\"https:\/\/wp.sprachtherapie-duisburg.de\/image-20220704-172716\/\" data-url=\"https:\/\/wp.sprachtherapie-duisburg.de\/wp-content\/uploads\/2022\/04\/image-20220704-172716.jpeg\" data-width=\"1600\" src=\"https:\/\/i1.wp.com\/wp.sprachtherapie-duisburg.de\/wp-content\/uploads\/2022\/04\/image-20220704-172716.jpeg?ssl=1\" data-amp-layout=\"responsive\"\/><\/a><\/figure><figure class=\"tiled-gallery__item\"><a href=\"https:\/\/i0.wp.com\/wp.sprachtherapie-duisburg.de\/wp-content\/uploads\/2022\/04\/image-20220704-172715.jpeg?ssl=1\"><img decoding=\"async\" srcset=\"https:\/\/i1.wp.com\/wp.sprachtherapie-duisburg.de\/wp-content\/uploads\/2022\/04\/image-20220704-172715.jpeg?strip=info&#038;w=600&#038;ssl=1 600w,https:\/\/i1.wp.com\/wp.sprachtherapie-duisburg.de\/wp-content\/uploads\/2022\/04\/image-20220704-172715.jpeg?strip=info&#038;w=900&#038;ssl=1 900w,https:\/\/i1.wp.com\/wp.sprachtherapie-duisburg.de\/wp-content\/uploads\/2022\/04\/image-20220704-172715.jpeg?strip=info&#038;w=1200&#038;ssl=1 1200w,https:\/\/i1.wp.com\/wp.sprachtherapie-duisburg.de\/wp-content\/uploads\/2022\/04\/image-20220704-172715.jpeg?strip=info&#038;w=1500&#038;ssl=1 1500w,https:\/\/i1.wp.com\/wp.sprachtherapie-duisburg.de\/wp-content\/uploads\/2022\/04\/image-20220704-172715.jpeg?strip=info&#038;w=1600&#038;ssl=1 1600w\" alt=\"\" data-height=\"1200\" data-id=\"803\" data-link=\"https:\/\/wp.sprachtherapie-duisburg.de\/image-20220704-172715\/\" data-url=\"https:\/\/wp.sprachtherapie-duisburg.de\/wp-content\/uploads\/2022\/04\/image-20220704-172715.jpeg\" data-width=\"1600\" src=\"https:\/\/i1.wp.com\/wp.sprachtherapie-duisburg.de\/wp-content\/uploads\/2022\/04\/image-20220704-172715.jpeg?ssl=1\" data-amp-layout=\"responsive\"\/><\/a><\/figure><figure class=\"tiled-gallery__item\"><a href=\"https:\/\/i0.wp.com\/wp.sprachtherapie-duisburg.de\/wp-content\/uploads\/2022\/04\/image-20220704-172709.jpeg?ssl=1\"><img decoding=\"async\" srcset=\"https:\/\/i1.wp.com\/wp.sprachtherapie-duisburg.de\/wp-content\/uploads\/2022\/04\/image-20220704-172709.jpeg?strip=info&#038;w=600&#038;ssl=1 600w,https:\/\/i1.wp.com\/wp.sprachtherapie-duisburg.de\/wp-content\/uploads\/2022\/04\/image-20220704-172709.jpeg?strip=info&#038;w=900&#038;ssl=1 900w,https:\/\/i1.wp.com\/wp.sprachtherapie-duisburg.de\/wp-content\/uploads\/2022\/04\/image-20220704-172709.jpeg?strip=info&#038;w=1200&#038;ssl=1 1200w,https:\/\/i1.wp.com\/wp.sprachtherapie-duisburg.de\/wp-content\/uploads\/2022\/04\/image-20220704-172709.jpeg?strip=info&#038;w=1500&#038;ssl=1 1500w,https:\/\/i1.wp.com\/wp.sprachtherapie-duisburg.de\/wp-content\/uploads\/2022\/04\/image-20220704-172709.jpeg?strip=info&#038;w=1600&#038;ssl=1 1600w\" alt=\"\" data-height=\"1200\" data-id=\"802\" data-link=\"https:\/\/wp.sprachtherapie-duisburg.de\/image-20220704-172709\/\" data-url=\"https:\/\/wp.sprachtherapie-duisburg.de\/wp-content\/uploads\/2022\/04\/image-20220704-172709.jpeg\" data-width=\"1600\" src=\"https:\/\/i1.wp.com\/wp.sprachtherapie-duisburg.de\/wp-content\/uploads\/2022\/04\/image-20220704-172709.jpeg?ssl=1\" data-amp-layout=\"responsive\"\/><\/a><\/figure><\/div><\/div><div class=\"tiled-gallery__row\"><div class=\"tiled-gallery__col\" style=\"flex-basis:33.25282%\"><figure class=\"tiled-gallery__item\"><a href=\"https:\/\/i0.wp.com\/wp.sprachtherapie-duisburg.de\/wp-content\/uploads\/2022\/04\/image-20220704-172629.jpeg?ssl=1\"><img decoding=\"async\" srcset=\"https:\/\/i1.wp.com\/wp.sprachtherapie-duisburg.de\/wp-content\/uploads\/2022\/04\/image-20220704-172629.jpeg?strip=info&#038;w=600&#038;ssl=1 600w,https:\/\/i1.wp.com\/wp.sprachtherapie-duisburg.de\/wp-content\/uploads\/2022\/04\/image-20220704-172629.jpeg?strip=info&#038;w=900&#038;ssl=1 900w,https:\/\/i1.wp.com\/wp.sprachtherapie-duisburg.de\/wp-content\/uploads\/2022\/04\/image-20220704-172629.jpeg?strip=info&#038;w=1200&#038;ssl=1 1200w\" alt=\"\" data-height=\"1600\" data-id=\"801\" data-link=\"https:\/\/wp.sprachtherapie-duisburg.de\/image-20220704-172629\/\" data-url=\"https:\/\/wp.sprachtherapie-duisburg.de\/wp-content\/uploads\/2022\/04\/image-20220704-172629.jpeg\" data-width=\"1200\" src=\"https:\/\/i1.wp.com\/wp.sprachtherapie-duisburg.de\/wp-content\/uploads\/2022\/04\/image-20220704-172629.jpeg?ssl=1\" data-amp-layout=\"responsive\"\/><\/a><\/figure><\/div><div class=\"tiled-gallery__col\" style=\"flex-basis:66.74718%\"><figure class=\"tiled-gallery__item\"><a href=\"https:\/\/i0.wp.com\/wp.sprachtherapie-duisburg.de\/wp-content\/uploads\/2022\/04\/image-20220704-172626.jpeg?ssl=1\"><img decoding=\"async\" srcset=\"https:\/\/i0.wp.com\/wp.sprachtherapie-duisburg.de\/wp-content\/uploads\/2022\/04\/image-20220704-172626.jpeg?strip=info&#038;w=600&#038;ssl=1 600w,https:\/\/i0.wp.com\/wp.sprachtherapie-duisburg.de\/wp-content\/uploads\/2022\/04\/image-20220704-172626.jpeg?strip=info&#038;w=900&#038;ssl=1 900w,https:\/\/i0.wp.com\/wp.sprachtherapie-duisburg.de\/wp-content\/uploads\/2022\/04\/image-20220704-172626.jpeg?strip=info&#038;w=1200&#038;ssl=1 1200w,https:\/\/i0.wp.com\/wp.sprachtherapie-duisburg.de\/wp-content\/uploads\/2022\/04\/image-20220704-172626.jpeg?strip=info&#038;w=1500&#038;ssl=1 1500w,https:\/\/i0.wp.com\/wp.sprachtherapie-duisburg.de\/wp-content\/uploads\/2022\/04\/image-20220704-172626.jpeg?strip=info&#038;w=1600&#038;ssl=1 1600w\" alt=\"\" data-height=\"1200\" data-id=\"800\" data-link=\"https:\/\/wp.sprachtherapie-duisburg.de\/image-20220704-172626\/\" data-url=\"https:\/\/wp.sprachtherapie-duisburg.de\/wp-content\/uploads\/2022\/04\/image-20220704-172626.jpeg\" data-width=\"1600\" src=\"https:\/\/i0.wp.com\/wp.sprachtherapie-duisburg.de\/wp-content\/uploads\/2022\/04\/image-20220704-172626.jpeg?ssl=1\" data-amp-layout=\"responsive\"\/><\/a><\/figure><figure class=\"tiled-gallery__item\"><a href=\"https:\/\/i0.wp.com\/wp.sprachtherapie-duisburg.de\/wp-content\/uploads\/2022\/04\/image-20220704-172622.jpeg?ssl=1\"><img decoding=\"async\" srcset=\"https:\/\/i2.wp.com\/wp.sprachtherapie-duisburg.de\/wp-content\/uploads\/2022\/04\/image-20220704-172622.jpeg?strip=info&#038;w=600&#038;ssl=1 600w,https:\/\/i2.wp.com\/wp.sprachtherapie-duisburg.de\/wp-content\/uploads\/2022\/04\/image-20220704-172622.jpeg?strip=info&#038;w=900&#038;ssl=1 900w,https:\/\/i2.wp.com\/wp.sprachtherapie-duisburg.de\/wp-content\/uploads\/2022\/04\/image-20220704-172622.jpeg?strip=info&#038;w=1200&#038;ssl=1 1200w,https:\/\/i2.wp.com\/wp.sprachtherapie-duisburg.de\/wp-content\/uploads\/2022\/04\/image-20220704-172622.jpeg?strip=info&#038;w=1500&#038;ssl=1 1500w,https:\/\/i2.wp.com\/wp.sprachtherapie-duisburg.de\/wp-content\/uploads\/2022\/04\/image-20220704-172622.jpeg?strip=info&#038;w=1600&#038;ssl=1 1600w\" alt=\"\" data-height=\"1200\" data-id=\"799\" data-link=\"https:\/\/wp.sprachtherapie-duisburg.de\/image-20220704-172622\/\" data-url=\"https:\/\/wp.sprachtherapie-duisburg.de\/wp-content\/uploads\/2022\/04\/image-20220704-172622.jpeg\" data-width=\"1600\" src=\"https:\/\/i2.wp.com\/wp.sprachtherapie-duisburg.de\/wp-content\/uploads\/2022\/04\/image-20220704-172622.jpeg?ssl=1\" data-amp-layout=\"responsive\"\/><\/a><\/figure><figure class=\"tiled-gallery__item\"><a href=\"https:\/\/i0.wp.com\/wp.sprachtherapie-duisburg.de\/wp-content\/uploads\/2022\/04\/image-20220704-172620.jpeg?ssl=1\"><img decoding=\"async\" srcset=\"https:\/\/i1.wp.com\/wp.sprachtherapie-duisburg.de\/wp-content\/uploads\/2022\/04\/image-20220704-172620.jpeg?strip=info&#038;w=600&#038;ssl=1 600w,https:\/\/i1.wp.com\/wp.sprachtherapie-duisburg.de\/wp-content\/uploads\/2022\/04\/image-20220704-172620.jpeg?strip=info&#038;w=900&#038;ssl=1 900w,https:\/\/i1.wp.com\/wp.sprachtherapie-duisburg.de\/wp-content\/uploads\/2022\/04\/image-20220704-172620.jpeg?strip=info&#038;w=1200&#038;ssl=1 1200w,https:\/\/i1.wp.com\/wp.sprachtherapie-duisburg.de\/wp-content\/uploads\/2022\/04\/image-20220704-172620.jpeg?strip=info&#038;w=1500&#038;ssl=1 1500w,https:\/\/i1.wp.com\/wp.sprachtherapie-duisburg.de\/wp-content\/uploads\/2022\/04\/image-20220704-172620.jpeg?strip=info&#038;w=1600&#038;ssl=1 1600w\" alt=\"\" data-height=\"1200\" data-id=\"798\" data-link=\"https:\/\/wp.sprachtherapie-duisburg.de\/image-20220704-172620\/\" data-url=\"https:\/\/wp.sprachtherapie-duisburg.de\/wp-content\/uploads\/2022\/04\/image-20220704-172620.jpeg\" data-width=\"1600\" src=\"https:\/\/i1.wp.com\/wp.sprachtherapie-duisburg.de\/wp-content\/uploads\/2022\/04\/image-20220704-172620.jpeg?ssl=1\" data-amp-layout=\"responsive\"\/><\/a><\/figure><\/div><\/div><div class=\"tiled-gallery__row\"><div class=\"tiled-gallery__col\" style=\"flex-basis:50.00000%\"><figure class=\"tiled-gallery__item\"><a href=\"https:\/\/i0.wp.com\/wp.sprachtherapie-duisburg.de\/wp-content\/uploads\/2022\/04\/image-20220704-172615.jpeg?ssl=1\"><img decoding=\"async\" srcset=\"https:\/\/i2.wp.com\/wp.sprachtherapie-duisburg.de\/wp-content\/uploads\/2022\/04\/image-20220704-172615.jpeg?strip=info&#038;w=600&#038;ssl=1 600w,https:\/\/i2.wp.com\/wp.sprachtherapie-duisburg.de\/wp-content\/uploads\/2022\/04\/image-20220704-172615.jpeg?strip=info&#038;w=900&#038;ssl=1 900w,https:\/\/i2.wp.com\/wp.sprachtherapie-duisburg.de\/wp-content\/uploads\/2022\/04\/image-20220704-172615.jpeg?strip=info&#038;w=1200&#038;ssl=1 1200w,https:\/\/i2.wp.com\/wp.sprachtherapie-duisburg.de\/wp-content\/uploads\/2022\/04\/image-20220704-172615.jpeg?strip=info&#038;w=1500&#038;ssl=1 1500w,https:\/\/i2.wp.com\/wp.sprachtherapie-duisburg.de\/wp-content\/uploads\/2022\/04\/image-20220704-172615.jpeg?strip=info&#038;w=1600&#038;ssl=1 1600w\" alt=\"\" data-height=\"1200\" data-id=\"797\" data-link=\"https:\/\/wp.sprachtherapie-duisburg.de\/image-20220704-172615\/\" data-url=\"https:\/\/wp.sprachtherapie-duisburg.de\/wp-content\/uploads\/2022\/04\/image-20220704-172615.jpeg\" data-width=\"1600\" src=\"https:\/\/i2.wp.com\/wp.sprachtherapie-duisburg.de\/wp-content\/uploads\/2022\/04\/image-20220704-172615.jpeg?ssl=1\" data-amp-layout=\"responsive\"\/><\/a><\/figure><figure class=\"tiled-gallery__item\"><a href=\"https:\/\/i0.wp.com\/wp.sprachtherapie-duisburg.de\/wp-content\/uploads\/2022\/04\/image-20220704-172610.jpeg?ssl=1\"><img decoding=\"async\" srcset=\"https:\/\/i0.wp.com\/wp.sprachtherapie-duisburg.de\/wp-content\/uploads\/2022\/04\/image-20220704-172610.jpeg?strip=info&#038;w=600&#038;ssl=1 600w,https:\/\/i0.wp.com\/wp.sprachtherapie-duisburg.de\/wp-content\/uploads\/2022\/04\/image-20220704-172610.jpeg?strip=info&#038;w=900&#038;ssl=1 900w,https:\/\/i0.wp.com\/wp.sprachtherapie-duisburg.de\/wp-content\/uploads\/2022\/04\/image-20220704-172610.jpeg?strip=info&#038;w=1200&#038;ssl=1 1200w,https:\/\/i0.wp.com\/wp.sprachtherapie-duisburg.de\/wp-content\/uploads\/2022\/04\/image-20220704-172610.jpeg?strip=info&#038;w=1500&#038;ssl=1 1500w,https:\/\/i0.wp.com\/wp.sprachtherapie-duisburg.de\/wp-content\/uploads\/2022\/04\/image-20220704-172610.jpeg?strip=info&#038;w=1600&#038;ssl=1 1600w\" alt=\"\" data-height=\"1200\" data-id=\"796\" data-link=\"https:\/\/wp.sprachtherapie-duisburg.de\/image-20220704-172610\/\" data-url=\"https:\/\/wp.sprachtherapie-duisburg.de\/wp-content\/uploads\/2022\/04\/image-20220704-172610.jpeg\" data-width=\"1600\" src=\"https:\/\/i0.wp.com\/wp.sprachtherapie-duisburg.de\/wp-content\/uploads\/2022\/04\/image-20220704-172610.jpeg?ssl=1\" data-amp-layout=\"responsive\"\/><\/a><\/figure><\/div><div class=\"tiled-gallery__col\" style=\"flex-basis:50.00000%\"><figure class=\"tiled-gallery__item\"><a href=\"https:\/\/i0.wp.com\/wp.sprachtherapie-duisburg.de\/wp-content\/uploads\/2022\/04\/image-20220704-172600.jpeg?ssl=1\"><img decoding=\"async\" srcset=\"https:\/\/i1.wp.com\/wp.sprachtherapie-duisburg.de\/wp-content\/uploads\/2022\/04\/image-20220704-172600.jpeg?strip=info&#038;w=600&#038;ssl=1 600w,https:\/\/i1.wp.com\/wp.sprachtherapie-duisburg.de\/wp-content\/uploads\/2022\/04\/image-20220704-172600.jpeg?strip=info&#038;w=900&#038;ssl=1 900w,https:\/\/i1.wp.com\/wp.sprachtherapie-duisburg.de\/wp-content\/uploads\/2022\/04\/image-20220704-172600.jpeg?strip=info&#038;w=1200&#038;ssl=1 1200w\" alt=\"\" data-height=\"1600\" data-id=\"795\" data-link=\"https:\/\/wp.sprachtherapie-duisburg.de\/image-20220704-172600\/\" data-url=\"https:\/\/wp.sprachtherapie-duisburg.de\/wp-content\/uploads\/2022\/04\/image-20220704-172600.jpeg\" data-width=\"1200\" src=\"https:\/\/i1.wp.com\/wp.sprachtherapie-duisburg.de\/wp-content\/uploads\/2022\/04\/image-20220704-172600.jpeg?ssl=1\" data-amp-layout=\"responsive\"\/><\/a><\/figure><\/div><div class=\"tiled-gallery__col\"><figure class=\"tiled-gallery__item\"><a href=\"https:\/\/i0.wp.com\/wp.sprachtherapie-duisburg.de\/wp-content\/uploads\/2022\/04\/image-20220704-172558.jpeg?ssl=1\"><img decoding=\"async\" srcset=\"https:\/\/i0.wp.com\/wp.sprachtherapie-duisburg.de\/wp-content\/uploads\/2022\/04\/image-20220704-172558.jpeg?strip=info&#038;w=600&#038;ssl=1 600w,https:\/\/i0.wp.com\/wp.sprachtherapie-duisburg.de\/wp-content\/uploads\/2022\/04\/image-20220704-172558.jpeg?strip=info&#038;w=900&#038;ssl=1 900w,https:\/\/i0.wp.com\/wp.sprachtherapie-duisburg.de\/wp-content\/uploads\/2022\/04\/image-20220704-172558.jpeg?strip=info&#038;w=1200&#038;ssl=1 1200w,https:\/\/i0.wp.com\/wp.sprachtherapie-duisburg.de\/wp-content\/uploads\/2022\/04\/image-20220704-172558.jpeg?strip=info&#038;w=1500&#038;ssl=1 1500w,https:\/\/i0.wp.com\/wp.sprachtherapie-duisburg.de\/wp-content\/uploads\/2022\/04\/image-20220704-172558.jpeg?strip=info&#038;w=1600&#038;ssl=1 1600w\" alt=\"\" data-height=\"1200\" data-id=\"794\" data-link=\"https:\/\/wp.sprachtherapie-duisburg.de\/image-20220704-172558\/\" data-url=\"https:\/\/wp.sprachtherapie-duisburg.de\/wp-content\/uploads\/2022\/04\/image-20220704-172558.jpeg\" data-width=\"1600\" src=\"https:\/\/i0.wp.com\/wp.sprachtherapie-duisburg.de\/wp-content\/uploads\/2022\/04\/image-20220704-172558.jpeg?ssl=1\" data-amp-layout=\"responsive\"\/><\/a><\/figure><figure class=\"tiled-gallery__item\"><a href=\"https:\/\/i0.wp.com\/wp.sprachtherapie-duisburg.de\/wp-content\/uploads\/2022\/04\/image-20220704-172557.jpeg?ssl=1\"><img decoding=\"async\" srcset=\"https:\/\/i2.wp.com\/wp.sprachtherapie-duisburg.de\/wp-content\/uploads\/2022\/04\/image-20220704-172557.jpeg?strip=info&#038;w=600&#038;ssl=1 600w,https:\/\/i2.wp.com\/wp.sprachtherapie-duisburg.de\/wp-content\/uploads\/2022\/04\/image-20220704-172557.jpeg?strip=info&#038;w=900&#038;ssl=1 900w,https:\/\/i2.wp.com\/wp.sprachtherapie-duisburg.de\/wp-content\/uploads\/2022\/04\/image-20220704-172557.jpeg?strip=info&#038;w=1200&#038;ssl=1 1200w,https:\/\/i2.wp.com\/wp.sprachtherapie-duisburg.de\/wp-content\/uploads\/2022\/04\/image-20220704-172557.jpeg?strip=info&#038;w=1500&#038;ssl=1 1500w,https:\/\/i2.wp.com\/wp.sprachtherapie-duisburg.de\/wp-content\/uploads\/2022\/04\/image-20220704-172557.jpeg?strip=info&#038;w=1600&#038;ssl=1 1600w\" alt=\"\" data-height=\"1200\" data-id=\"793\" data-link=\"https:\/\/wp.sprachtherapie-duisburg.de\/image-20220704-172557\/\" data-url=\"https:\/\/wp.sprachtherapie-duisburg.de\/wp-content\/uploads\/2022\/04\/image-20220704-172557.jpeg\" data-width=\"1600\" src=\"https:\/\/i2.wp.com\/wp.sprachtherapie-duisburg.de\/wp-content\/uploads\/2022\/04\/image-20220704-172557.jpeg?ssl=1\" data-amp-layout=\"responsive\"\/><\/a><\/figure><\/div><\/div><div class=\"tiled-gallery__row\"><div class=\"tiled-gallery__col\" style=\"flex-basis:66.74718%\"><figure class=\"tiled-gallery__item\"><a href=\"https:\/\/i0.wp.com\/wp.sprachtherapie-duisburg.de\/wp-content\/uploads\/2022\/04\/image-20220704-172554.jpeg?ssl=1\"><img decoding=\"async\" srcset=\"https:\/\/i1.wp.com\/wp.sprachtherapie-duisburg.de\/wp-content\/uploads\/2022\/04\/image-20220704-172554.jpeg?strip=info&#038;w=600&#038;ssl=1 600w,https:\/\/i1.wp.com\/wp.sprachtherapie-duisburg.de\/wp-content\/uploads\/2022\/04\/image-20220704-172554.jpeg?strip=info&#038;w=900&#038;ssl=1 900w,https:\/\/i1.wp.com\/wp.sprachtherapie-duisburg.de\/wp-content\/uploads\/2022\/04\/image-20220704-172554.jpeg?strip=info&#038;w=1200&#038;ssl=1 1200w,https:\/\/i1.wp.com\/wp.sprachtherapie-duisburg.de\/wp-content\/uploads\/2022\/04\/image-20220704-172554.jpeg?strip=info&#038;w=1500&#038;ssl=1 1500w,https:\/\/i1.wp.com\/wp.sprachtherapie-duisburg.de\/wp-content\/uploads\/2022\/04\/image-20220704-172554.jpeg?strip=info&#038;w=1600&#038;ssl=1 1600w\" alt=\"\" data-height=\"1200\" data-id=\"792\" data-link=\"https:\/\/wp.sprachtherapie-duisburg.de\/image-20220704-172554\/\" data-url=\"https:\/\/wp.sprachtherapie-duisburg.de\/wp-content\/uploads\/2022\/04\/image-20220704-172554.jpeg\" data-width=\"1600\" src=\"https:\/\/i1.wp.com\/wp.sprachtherapie-duisburg.de\/wp-content\/uploads\/2022\/04\/image-20220704-172554.jpeg?ssl=1\" data-amp-layout=\"responsive\"\/><\/a><\/figure><figure class=\"tiled-gallery__item\"><a href=\"https:\/\/i0.wp.com\/wp.sprachtherapie-duisburg.de\/wp-content\/uploads\/2022\/04\/image-20220704-172507.jpeg?ssl=1\"><img decoding=\"async\" srcset=\"https:\/\/i2.wp.com\/wp.sprachtherapie-duisburg.de\/wp-content\/uploads\/2022\/04\/image-20220704-172507.jpeg?strip=info&#038;w=600&#038;ssl=1 600w,https:\/\/i2.wp.com\/wp.sprachtherapie-duisburg.de\/wp-content\/uploads\/2022\/04\/image-20220704-172507.jpeg?strip=info&#038;w=900&#038;ssl=1 900w,https:\/\/i2.wp.com\/wp.sprachtherapie-duisburg.de\/wp-content\/uploads\/2022\/04\/image-20220704-172507.jpeg?strip=info&#038;w=1200&#038;ssl=1 1200w,https:\/\/i2.wp.com\/wp.sprachtherapie-duisburg.de\/wp-content\/uploads\/2022\/04\/image-20220704-172507.jpeg?strip=info&#038;w=1500&#038;ssl=1 1500w,https:\/\/i2.wp.com\/wp.sprachtherapie-duisburg.de\/wp-content\/uploads\/2022\/04\/image-20220704-172507.jpeg?strip=info&#038;w=1600&#038;ssl=1 1600w\" alt=\"\" data-height=\"1200\" data-id=\"791\" data-link=\"https:\/\/wp.sprachtherapie-duisburg.de\/image-20220704-172507\/\" data-url=\"https:\/\/wp.sprachtherapie-duisburg.de\/wp-content\/uploads\/2022\/04\/image-20220704-172507.jpeg\" data-width=\"1600\" src=\"https:\/\/i2.wp.com\/wp.sprachtherapie-duisburg.de\/wp-content\/uploads\/2022\/04\/image-20220704-172507.jpeg?ssl=1\" data-amp-layout=\"responsive\"\/><\/a><\/figure><figure class=\"tiled-gallery__item\"><a href=\"https:\/\/i0.wp.com\/wp.sprachtherapie-duisburg.de\/wp-content\/uploads\/2022\/04\/image-20220704-172505.jpeg?ssl=1\"><img decoding=\"async\" srcset=\"https:\/\/i0.wp.com\/wp.sprachtherapie-duisburg.de\/wp-content\/uploads\/2022\/04\/image-20220704-172505.jpeg?strip=info&#038;w=600&#038;ssl=1 600w,https:\/\/i0.wp.com\/wp.sprachtherapie-duisburg.de\/wp-content\/uploads\/2022\/04\/image-20220704-172505.jpeg?strip=info&#038;w=900&#038;ssl=1 900w,https:\/\/i0.wp.com\/wp.sprachtherapie-duisburg.de\/wp-content\/uploads\/2022\/04\/image-20220704-172505.jpeg?strip=info&#038;w=1200&#038;ssl=1 1200w,https:\/\/i0.wp.com\/wp.sprachtherapie-duisburg.de\/wp-content\/uploads\/2022\/04\/image-20220704-172505.jpeg?strip=info&#038;w=1500&#038;ssl=1 1500w,https:\/\/i0.wp.com\/wp.sprachtherapie-duisburg.de\/wp-content\/uploads\/2022\/04\/image-20220704-172505.jpeg?strip=info&#038;w=1600&#038;ssl=1 1600w\" alt=\"\" data-height=\"1200\" data-id=\"790\" data-link=\"https:\/\/wp.sprachtherapie-duisburg.de\/image-20220704-172505\/\" data-url=\"https:\/\/wp.sprachtherapie-duisburg.de\/wp-content\/uploads\/2022\/04\/image-20220704-172505.jpeg\" data-width=\"1600\" src=\"https:\/\/i0.wp.com\/wp.sprachtherapie-duisburg.de\/wp-content\/uploads\/2022\/04\/image-20220704-172505.jpeg?ssl=1\" data-amp-layout=\"responsive\"\/><\/a><\/figure><\/div><div class=\"tiled-gallery__col\" style=\"flex-basis:33.25282%\"><figure class=\"tiled-gallery__item\"><a href=\"https:\/\/i0.wp.com\/wp.sprachtherapie-duisburg.de\/wp-content\/uploads\/2022\/04\/image-20220704-172502.jpeg?ssl=1\"><img decoding=\"async\" srcset=\"https:\/\/i2.wp.com\/wp.sprachtherapie-duisburg.de\/wp-content\/uploads\/2022\/04\/image-20220704-172502.jpeg?strip=info&#038;w=600&#038;ssl=1 600w,https:\/\/i2.wp.com\/wp.sprachtherapie-duisburg.de\/wp-content\/uploads\/2022\/04\/image-20220704-172502.jpeg?strip=info&#038;w=900&#038;ssl=1 900w,https:\/\/i2.wp.com\/wp.sprachtherapie-duisburg.de\/wp-content\/uploads\/2022\/04\/image-20220704-172502.jpeg?strip=info&#038;w=1200&#038;ssl=1 1200w\" alt=\"\" data-height=\"1600\" data-id=\"789\" data-link=\"https:\/\/wp.sprachtherapie-duisburg.de\/image-20220704-172502\/\" data-url=\"https:\/\/wp.sprachtherapie-duisburg.de\/wp-content\/uploads\/2022\/04\/image-20220704-172502.jpeg\" data-width=\"1200\" src=\"https:\/\/i2.wp.com\/wp.sprachtherapie-duisburg.de\/wp-content\/uploads\/2022\/04\/image-20220704-172502.jpeg?ssl=1\" data-amp-layout=\"responsive\"\/><\/a><\/figure><\/div><\/div><div class=\"tiled-gallery__row\"><div class=\"tiled-gallery__col\" style=\"flex-basis:33.33333%\"><figure class=\"tiled-gallery__item\"><a href=\"https:\/\/i0.wp.com\/wp.sprachtherapie-duisburg.de\/wp-content\/uploads\/2022\/04\/image-20220704-172500.jpeg?ssl=1\"><img decoding=\"async\" srcset=\"https:\/\/i2.wp.com\/wp.sprachtherapie-duisburg.de\/wp-content\/uploads\/2022\/04\/image-20220704-172500.jpeg?strip=info&#038;w=600&#038;ssl=1 600w,https:\/\/i2.wp.com\/wp.sprachtherapie-duisburg.de\/wp-content\/uploads\/2022\/04\/image-20220704-172500.jpeg?strip=info&#038;w=900&#038;ssl=1 900w,https:\/\/i2.wp.com\/wp.sprachtherapie-duisburg.de\/wp-content\/uploads\/2022\/04\/image-20220704-172500.jpeg?strip=info&#038;w=1200&#038;ssl=1 1200w\" alt=\"\" data-height=\"1600\" data-id=\"788\" data-link=\"https:\/\/wp.sprachtherapie-duisburg.de\/image-20220704-172500\/\" data-url=\"https:\/\/wp.sprachtherapie-duisburg.de\/wp-content\/uploads\/2022\/04\/image-20220704-172500.jpeg\" data-width=\"1200\" src=\"https:\/\/i2.wp.com\/wp.sprachtherapie-duisburg.de\/wp-content\/uploads\/2022\/04\/image-20220704-172500.jpeg?ssl=1\" data-amp-layout=\"responsive\"\/><\/a><\/figure><\/div><div class=\"tiled-gallery__col\" style=\"flex-basis:33.33333%\"><figure class=\"tiled-gallery__item\"><a href=\"https:\/\/i0.wp.com\/wp.sprachtherapie-duisburg.de\/wp-content\/uploads\/2022\/04\/image-20220704-172458.jpeg?ssl=1\"><img decoding=\"async\" srcset=\"https:\/\/i1.wp.com\/wp.sprachtherapie-duisburg.de\/wp-content\/uploads\/2022\/04\/image-20220704-172458.jpeg?strip=info&#038;w=600&#038;ssl=1 600w,https:\/\/i1.wp.com\/wp.sprachtherapie-duisburg.de\/wp-content\/uploads\/2022\/04\/image-20220704-172458.jpeg?strip=info&#038;w=900&#038;ssl=1 900w,https:\/\/i1.wp.com\/wp.sprachtherapie-duisburg.de\/wp-content\/uploads\/2022\/04\/image-20220704-172458.jpeg?strip=info&#038;w=1200&#038;ssl=1 1200w,https:\/\/i1.wp.com\/wp.sprachtherapie-duisburg.de\/wp-content\/uploads\/2022\/04\/image-20220704-172458.jpeg?strip=info&#038;w=1500&#038;ssl=1 1500w,https:\/\/i1.wp.com\/wp.sprachtherapie-duisburg.de\/wp-content\/uploads\/2022\/04\/image-20220704-172458.jpeg?strip=info&#038;w=1600&#038;ssl=1 1600w\" alt=\"\" data-height=\"1200\" data-id=\"787\" data-link=\"https:\/\/wp.sprachtherapie-duisburg.de\/image-20220704-172458\/\" data-url=\"https:\/\/wp.sprachtherapie-duisburg.de\/wp-content\/uploads\/2022\/04\/image-20220704-172458.jpeg\" data-width=\"1600\" src=\"https:\/\/i1.wp.com\/wp.sprachtherapie-duisburg.de\/wp-content\/uploads\/2022\/04\/image-20220704-172458.jpeg?ssl=1\" data-amp-layout=\"responsive\"\/><\/a><\/figure><\/div><div class=\"tiled-gallery__col\" style=\"flex-basis:33.33333%\"><figure class=\"tiled-gallery__item\"><a href=\"https:\/\/i0.wp.com\/wp.sprachtherapie-duisburg.de\/wp-content\/uploads\/2022\/04\/image-20220704-172456.jpeg?ssl=1\"><img decoding=\"async\" srcset=\"https:\/\/i0.wp.com\/wp.sprachtherapie-duisburg.de\/wp-content\/uploads\/2022\/04\/image-20220704-172456.jpeg?strip=info&#038;w=600&#038;ssl=1 600w,https:\/\/i0.wp.com\/wp.sprachtherapie-duisburg.de\/wp-content\/uploads\/2022\/04\/image-20220704-172456.jpeg?strip=info&#038;w=900&#038;ssl=1 900w,https:\/\/i0.wp.com\/wp.sprachtherapie-duisburg.de\/wp-content\/uploads\/2022\/04\/image-20220704-172456.jpeg?strip=info&#038;w=1200&#038;ssl=1 1200w\" alt=\"\" data-height=\"1600\" data-id=\"786\" data-link=\"https:\/\/wp.sprachtherapie-duisburg.de\/image-20220704-172456\/\" data-url=\"https:\/\/wp.sprachtherapie-duisburg.de\/wp-content\/uploads\/2022\/04\/image-20220704-172456.jpeg\" data-width=\"1200\" src=\"https:\/\/i0.wp.com\/wp.sprachtherapie-duisburg.de\/wp-content\/uploads\/2022\/04\/image-20220704-172456.jpeg?ssl=1\" data-amp-layout=\"responsive\"\/><\/a><\/figure><\/div><\/div><div class=\"tiled-gallery__row\"><div class=\"tiled-gallery__col\" style=\"flex-basis:33.25282%\"><figure class=\"tiled-gallery__item\"><a href=\"https:\/\/i0.wp.com\/wp.sprachtherapie-duisburg.de\/wp-content\/uploads\/2022\/04\/image-20220704-172454.jpeg?ssl=1\"><img decoding=\"async\" srcset=\"https:\/\/i1.wp.com\/wp.sprachtherapie-duisburg.de\/wp-content\/uploads\/2022\/04\/image-20220704-172454.jpeg?strip=info&#038;w=600&#038;ssl=1 600w,https:\/\/i1.wp.com\/wp.sprachtherapie-duisburg.de\/wp-content\/uploads\/2022\/04\/image-20220704-172454.jpeg?strip=info&#038;w=900&#038;ssl=1 900w,https:\/\/i1.wp.com\/wp.sprachtherapie-duisburg.de\/wp-content\/uploads\/2022\/04\/image-20220704-172454.jpeg?strip=info&#038;w=1200&#038;ssl=1 1200w,https:\/\/i1.wp.com\/wp.sprachtherapie-duisburg.de\/wp-content\/uploads\/2022\/04\/image-20220704-172454.jpeg?strip=info&#038;w=1500&#038;ssl=1 1500w,https:\/\/i1.wp.com\/wp.sprachtherapie-duisburg.de\/wp-content\/uploads\/2022\/04\/image-20220704-172454.jpeg?strip=info&#038;w=1600&#038;ssl=1 1600w\" alt=\"\" data-height=\"1200\" data-id=\"785\" data-link=\"https:\/\/wp.sprachtherapie-duisburg.de\/image-20220704-172454\/\" data-url=\"https:\/\/wp.sprachtherapie-duisburg.de\/wp-content\/uploads\/2022\/04\/image-20220704-172454.jpeg\" data-width=\"1600\" src=\"https:\/\/i1.wp.com\/wp.sprachtherapie-duisburg.de\/wp-content\/uploads\/2022\/04\/image-20220704-172454.jpeg?ssl=1\" data-amp-layout=\"responsive\"\/><\/a><\/figure><\/div><div class=\"tiled-gallery__col\" style=\"flex-basis:66.74718%\"><figure class=\"tiled-gallery__item\"><a href=\"https:\/\/i0.wp.com\/wp.sprachtherapie-duisburg.de\/wp-content\/uploads\/2022\/04\/image-20220704-172452.jpeg?ssl=1\"><img decoding=\"async\" srcset=\"https:\/\/i1.wp.com\/wp.sprachtherapie-duisburg.de\/wp-content\/uploads\/2022\/04\/image-20220704-172452.jpeg?strip=info&#038;w=600&#038;ssl=1 600w,https:\/\/i1.wp.com\/wp.sprachtherapie-duisburg.de\/wp-content\/uploads\/2022\/04\/image-20220704-172452.jpeg?strip=info&#038;w=900&#038;ssl=1 900w,https:\/\/i1.wp.com\/wp.sprachtherapie-duisburg.de\/wp-content\/uploads\/2022\/04\/image-20220704-172452.jpeg?strip=info&#038;w=1200&#038;ssl=1 1200w,https:\/\/i1.wp.com\/wp.sprachtherapie-duisburg.de\/wp-content\/uploads\/2022\/04\/image-20220704-172452.jpeg?strip=info&#038;w=1500&#038;ssl=1 1500w,https:\/\/i1.wp.com\/wp.sprachtherapie-duisburg.de\/wp-content\/uploads\/2022\/04\/image-20220704-172452.jpeg?strip=info&#038;w=1600&#038;ssl=1 1600w\" alt=\"\" data-height=\"1200\" data-id=\"784\" data-link=\"https:\/\/wp.sprachtherapie-duisburg.de\/image-20220704-172452\/\" data-url=\"https:\/\/wp.sprachtherapie-duisburg.de\/wp-content\/uploads\/2022\/04\/image-20220704-172452.jpeg\" data-width=\"1600\" src=\"https:\/\/i1.wp.com\/wp.sprachtherapie-duisburg.de\/wp-content\/uploads\/2022\/04\/image-20220704-172452.jpeg?ssl=1\" data-amp-layout=\"responsive\"\/><\/a><\/figure><figure class=\"tiled-gallery__item\"><a href=\"https:\/\/i0.wp.com\/wp.sprachtherapie-duisburg.de\/wp-content\/uploads\/2022\/04\/image-20220704-172450.jpeg?ssl=1\"><img decoding=\"async\" srcset=\"https:\/\/i1.wp.com\/wp.sprachtherapie-duisburg.de\/wp-content\/uploads\/2022\/04\/image-20220704-172450.jpeg?strip=info&#038;w=600&#038;ssl=1 600w,https:\/\/i1.wp.com\/wp.sprachtherapie-duisburg.de\/wp-content\/uploads\/2022\/04\/image-20220704-172450.jpeg?strip=info&#038;w=900&#038;ssl=1 900w,https:\/\/i1.wp.com\/wp.sprachtherapie-duisburg.de\/wp-content\/uploads\/2022\/04\/image-20220704-172450.jpeg?strip=info&#038;w=1200&#038;ssl=1 1200w,https:\/\/i1.wp.com\/wp.sprachtherapie-duisburg.de\/wp-content\/uploads\/2022\/04\/image-20220704-172450.jpeg?strip=info&#038;w=1500&#038;ssl=1 1500w,https:\/\/i1.wp.com\/wp.sprachtherapie-duisburg.de\/wp-content\/uploads\/2022\/04\/image-20220704-172450.jpeg?strip=info&#038;w=1600&#038;ssl=1 1600w\" alt=\"\" data-height=\"1200\" data-id=\"783\" data-link=\"https:\/\/wp.sprachtherapie-duisburg.de\/image-20220704-172450\/\" data-url=\"https:\/\/wp.sprachtherapie-duisburg.de\/wp-content\/uploads\/2022\/04\/image-20220704-172450.jpeg\" data-width=\"1600\" src=\"https:\/\/i1.wp.com\/wp.sprachtherapie-duisburg.de\/wp-content\/uploads\/2022\/04\/image-20220704-172450.jpeg?ssl=1\" data-amp-layout=\"responsive\"\/><\/a><\/figure><\/div><\/div><div class=\"tiled-gallery__row\"><div class=\"tiled-gallery__col\" style=\"flex-basis:50.00000%\"><figure class=\"tiled-gallery__item\"><a href=\"https:\/\/i0.wp.com\/wp.sprachtherapie-duisburg.de\/wp-content\/uploads\/2022\/04\/image-20220704-172448.jpeg?ssl=1\"><img decoding=\"async\" srcset=\"https:\/\/i2.wp.com\/wp.sprachtherapie-duisburg.de\/wp-content\/uploads\/2022\/04\/image-20220704-172448.jpeg?strip=info&#038;w=600&#038;ssl=1 600w,https:\/\/i2.wp.com\/wp.sprachtherapie-duisburg.de\/wp-content\/uploads\/2022\/04\/image-20220704-172448.jpeg?strip=info&#038;w=900&#038;ssl=1 900w,https:\/\/i2.wp.com\/wp.sprachtherapie-duisburg.de\/wp-content\/uploads\/2022\/04\/image-20220704-172448.jpeg?strip=info&#038;w=1200&#038;ssl=1 1200w\" alt=\"\" data-height=\"1600\" data-id=\"782\" data-link=\"https:\/\/wp.sprachtherapie-duisburg.de\/image-20220704-172448\/\" data-url=\"https:\/\/wp.sprachtherapie-duisburg.de\/wp-content\/uploads\/2022\/04\/image-20220704-172448.jpeg\" data-width=\"1200\" src=\"https:\/\/i2.wp.com\/wp.sprachtherapie-duisburg.de\/wp-content\/uploads\/2022\/04\/image-20220704-172448.jpeg?ssl=1\" data-amp-layout=\"responsive\"\/><\/a><\/figure><\/div><div class=\"tiled-gallery__col\" style=\"flex-basis:50.00000%\"><figure class=\"tiled-gallery__item\"><a href=\"https:\/\/i0.wp.com\/wp.sprachtherapie-duisburg.de\/wp-content\/uploads\/2022\/04\/image-20221204-095534.jpeg?ssl=1\"><img decoding=\"async\" srcset=\"https:\/\/i2.wp.com\/wp.sprachtherapie-duisburg.de\/wp-content\/uploads\/2022\/04\/image-20221204-095534.jpeg?strip=info&#038;w=600&#038;ssl=1 600w,https:\/\/i2.wp.com\/wp.sprachtherapie-duisburg.de\/wp-content\/uploads\/2022\/04\/image-20221204-095534.jpeg?strip=info&#038;w=900&#038;ssl=1 900w,https:\/\/i2.wp.com\/wp.sprachtherapie-duisburg.de\/wp-content\/uploads\/2022\/04\/image-20221204-095534.jpeg?strip=info&#038;w=1200&#038;ssl=1 1200w,https:\/\/i2.wp.com\/wp.sprachtherapie-duisburg.de\/wp-content\/uploads\/2022\/04\/image-20221204-095534.jpeg?strip=info&#038;w=1500&#038;ssl=1 1500w,https:\/\/i2.wp.com\/wp.sprachtherapie-duisburg.de\/wp-content\/uploads\/2022\/04\/image-20221204-095534.jpeg?strip=info&#038;w=1600&#038;ssl=1 1600w\" alt=\"\" data-height=\"1200\" data-id=\"902\" data-link=\"https:\/\/wp.sprachtherapie-duisburg.de\/2022\/04\/unsere-kinder-haben-zum-thema-frieden-gemalt\/image-20221204-095534\/\" data-url=\"https:\/\/wp.sprachtherapie-duisburg.de\/wp-content\/uploads\/2022\/04\/image-20221204-095534.jpeg\" data-width=\"1600\" src=\"https:\/\/i2.wp.com\/wp.sprachtherapie-duisburg.de\/wp-content\/uploads\/2022\/04\/image-20221204-095534.jpeg?ssl=1\" data-amp-layout=\"responsive\"\/><\/a><\/figure><\/div><\/div><\/div><\/div>\n\n\n\n<h2 class=\"wp-block-heading\"><\/h2>\n\n\n\n<h2 class=\"wp-block-heading\"><\/h2>\n\n\n\n<h2 class=\"wp-block-heading\"><\/h2>\n","protected":false},"excerpt":{"rendered":"<p>Alle Bilder h\u00e4ngen nun zun\u00e4chst in in unserer Praxis in der Holsteiner Stra\u00dfe aus. Sp\u00e4ter sollen sie auch in unseren anderen Praxen ausgestellt werden. Wir waren v\u00f6llig \u00fcberw\u00e4ltigt von der Resonanz unserer kleinen und gro\u00dfen K\u00fcnstler, die das Thema Frieden offenbar sehr bewegt. Vielen Dank an alle unsere K\u00fcnstler<\/p>\n","protected":false},"author":3,"featured_media":810,"comment_status":"closed","ping_status":"closed","sticky":false,"template":"","format":"standard","meta":{"_crdt_document":"","_themeisle_gutenberg_block_has_review":false,"_jetpack_memberships_contains_paid_content":false,"footnotes":""},"categories":[23],"tags":[30,26,28,27,29,25],"class_list":["post-834","post","type-post","status-publish","format-standard","has-post-thumbnail","hentry","category-beitraege","tag-bild","tag-frieden","tag-kinder","tag-kuenstler","tag-malen","tag-malwettbewerb"],"acf":[],"yoast_head":"<!-- This site is optimized with the Yoast SEO plugin v27.5 - https:\/\/yoast.com\/product\/yoast-seo-wordpress\/ -->\n<title>Unsere Therapiekinder haben zum Thema Frieden gemalt &#187; LOGOP\u00c4DIE OEHM &amp; SOMMER<\/title>\n<meta name=\"robots\" content=\"index, follow, max-snippet:-1, max-image-preview:large, max-video-preview:-1\" \/>\n<link rel=\"canonical\" href=\"https:\/\/wp.sprachtherapie-duisburg.de\/aktuelles\/2022\/04\/unsere-kinder-haben-zum-thema-frieden-gemalt\/\" \/>\n<meta property=\"og:locale\" content=\"de_DE\" \/>\n<meta property=\"og:type\" content=\"article\" \/>\n<meta property=\"og:title\" content=\"Unsere Therapiekinder haben zum Thema Frieden gemalt &#187; LOGOP\u00c4DIE OEHM &amp; SOMMER\" \/>\n<meta property=\"og:description\" content=\"Alle Bilder h\u00e4ngen nun zun\u00e4chst in in unserer Praxis in der Holsteiner Stra\u00dfe aus. Sp\u00e4ter sollen sie auch in unseren anderen Praxen ausgestellt werden. Wir waren v\u00f6llig \u00fcberw\u00e4ltigt von der Resonanz unserer kleinen und gro\u00dfen K\u00fcnstler, die das Thema Frieden offenbar sehr bewegt. Vielen Dank an alle unsere K\u00fcnstler\" \/>\n<meta property=\"og:url\" content=\"https:\/\/wp.sprachtherapie-duisburg.de\/aktuelles\/2022\/04\/unsere-kinder-haben-zum-thema-frieden-gemalt\/\" \/>\n<meta property=\"og:site_name\" content=\"LOGOP\u00c4DIE OEHM &amp; SOMMER\" \/>\n<meta property=\"article:publisher\" content=\"https:\/\/www.facebook.com\/logoos\" \/>\n<meta property=\"article:published_time\" content=\"2022-04-09T14:54:00+00:00\" \/>\n<meta property=\"article:modified_time\" content=\"2022-11-30T09:04:16+00:00\" \/>\n<meta property=\"og:image\" content=\"https:\/\/wp.sprachtherapie-duisburg.de\/wp-content\/uploads\/2022\/04\/image-20220704-172735.jpeg\" \/>\n\t<meta property=\"og:image:width\" content=\"1200\" \/>\n\t<meta property=\"og:image:height\" content=\"1600\" \/>\n\t<meta property=\"og:image:type\" content=\"image\/jpeg\" \/>\n<meta name=\"author\" content=\"OS\" \/>\n<meta name=\"twitter:card\" content=\"summary_large_image\" \/>\n<meta name=\"twitter:label1\" content=\"Verfasst von\" \/>\n\t<meta name=\"twitter:data1\" content=\"OS\" \/>\n\t<meta name=\"twitter:label2\" content=\"Gesch\u00e4tzte Lesezeit\" \/>\n\t<meta name=\"twitter:data2\" content=\"11\u00a0Minuten\" \/>\n<script type=\"application\/ld+json\" class=\"yoast-schema-graph\">{\"@context\":\"https:\\\/\\\/schema.org\",\"@graph\":[{\"@type\":\"NewsArticle\",\"@id\":\"https:\\\/\\\/wp.sprachtherapie-duisburg.de\\\/aktuelles\\\/2022\\\/04\\\/unsere-kinder-haben-zum-thema-frieden-gemalt\\\/#article\",\"isPartOf\":{\"@id\":\"https:\\\/\\\/wp.sprachtherapie-duisburg.de\\\/aktuelles\\\/2022\\\/04\\\/unsere-kinder-haben-zum-thema-frieden-gemalt\\\/\"},\"author\":{\"name\":\"OS\",\"@id\":\"https:\\\/\\\/wp.sprachtherapie-duisburg.de\\\/aktuelles\\\/#\\\/schema\\\/person\\\/07e40333ffc16068a3a41006d2991457\"},\"headline\":\"Unsere Therapiekinder haben zum Thema Frieden gemalt\",\"datePublished\":\"2022-04-09T14:54:00+00:00\",\"dateModified\":\"2022-11-30T09:04:16+00:00\",\"mainEntityOfPage\":{\"@id\":\"https:\\\/\\\/wp.sprachtherapie-duisburg.de\\\/aktuelles\\\/2022\\\/04\\\/unsere-kinder-haben-zum-thema-frieden-gemalt\\\/\"},\"wordCount\":65,\"publisher\":{\"@id\":\"https:\\\/\\\/wp.sprachtherapie-duisburg.de\\\/aktuelles\\\/#organization\"},\"image\":{\"@id\":\"https:\\\/\\\/wp.sprachtherapie-duisburg.de\\\/aktuelles\\\/2022\\\/04\\\/unsere-kinder-haben-zum-thema-frieden-gemalt\\\/#primaryimage\"},\"thumbnailUrl\":\"https:\\\/\\\/i0.wp.com\\\/wp.sprachtherapie-duisburg.de\\\/wp-content\\\/uploads\\\/2022\\\/04\\\/image-20220704-172735.jpeg?fit=1200%2C1600&ssl=1\",\"keywords\":[\"Bild\",\"Frieden\",\"Kinder\",\"K\u00fcnstler\",\"Malen\",\"Malwettbewerb\"],\"articleSection\":[\"Beitr\u00e4ge\"],\"inLanguage\":\"de\"},{\"@type\":[\"WebPage\",\"MedicalWebPage\"],\"@id\":\"https:\\\/\\\/wp.sprachtherapie-duisburg.de\\\/aktuelles\\\/2022\\\/04\\\/unsere-kinder-haben-zum-thema-frieden-gemalt\\\/\",\"url\":\"https:\\\/\\\/wp.sprachtherapie-duisburg.de\\\/aktuelles\\\/2022\\\/04\\\/unsere-kinder-haben-zum-thema-frieden-gemalt\\\/\",\"name\":\"Unsere Therapiekinder haben zum Thema Frieden gemalt &#187; LOGOP\u00c4DIE OEHM &amp; SOMMER\",\"isPartOf\":{\"@id\":\"https:\\\/\\\/wp.sprachtherapie-duisburg.de\\\/aktuelles\\\/#website\"},\"primaryImageOfPage\":{\"@id\":\"https:\\\/\\\/wp.sprachtherapie-duisburg.de\\\/aktuelles\\\/2022\\\/04\\\/unsere-kinder-haben-zum-thema-frieden-gemalt\\\/#primaryimage\"},\"image\":{\"@id\":\"https:\\\/\\\/wp.sprachtherapie-duisburg.de\\\/aktuelles\\\/2022\\\/04\\\/unsere-kinder-haben-zum-thema-frieden-gemalt\\\/#primaryimage\"},\"thumbnailUrl\":\"https:\\\/\\\/i0.wp.com\\\/wp.sprachtherapie-duisburg.de\\\/wp-content\\\/uploads\\\/2022\\\/04\\\/image-20220704-172735.jpeg?fit=1200%2C1600&ssl=1\",\"datePublished\":\"2022-04-09T14:54:00+00:00\",\"dateModified\":\"2022-11-30T09:04:16+00:00\",\"breadcrumb\":{\"@id\":\"https:\\\/\\\/wp.sprachtherapie-duisburg.de\\\/aktuelles\\\/2022\\\/04\\\/unsere-kinder-haben-zum-thema-frieden-gemalt\\\/#breadcrumb\"},\"inLanguage\":\"de\",\"potentialAction\":[{\"@type\":\"ReadAction\",\"target\":[\"https:\\\/\\\/wp.sprachtherapie-duisburg.de\\\/aktuelles\\\/2022\\\/04\\\/unsere-kinder-haben-zum-thema-frieden-gemalt\\\/\"]}]},{\"@type\":\"ImageObject\",\"inLanguage\":\"de\",\"@id\":\"https:\\\/\\\/wp.sprachtherapie-duisburg.de\\\/aktuelles\\\/2022\\\/04\\\/unsere-kinder-haben-zum-thema-frieden-gemalt\\\/#primaryimage\",\"url\":\"https:\\\/\\\/i0.wp.com\\\/wp.sprachtherapie-duisburg.de\\\/wp-content\\\/uploads\\\/2022\\\/04\\\/image-20220704-172735.jpeg?fit=1200%2C1600&ssl=1\",\"contentUrl\":\"https:\\\/\\\/i0.wp.com\\\/wp.sprachtherapie-duisburg.de\\\/wp-content\\\/uploads\\\/2022\\\/04\\\/image-20220704-172735.jpeg?fit=1200%2C1600&ssl=1\",\"width\":1200,\"height\":1600},{\"@type\":\"BreadcrumbList\",\"@id\":\"https:\\\/\\\/wp.sprachtherapie-duisburg.de\\\/aktuelles\\\/2022\\\/04\\\/unsere-kinder-haben-zum-thema-frieden-gemalt\\\/#breadcrumb\",\"itemListElement\":[{\"@type\":\"ListItem\",\"position\":1,\"name\":\"Startseite\",\"item\":\"https:\\\/\\\/wp.sprachtherapie-duisburg.de\\\/aktuelles\\\/\"},{\"@type\":\"ListItem\",\"position\":2,\"name\":\"Unsere Therapiekinder haben zum Thema Frieden gemalt\"}]},{\"@type\":\"WebSite\",\"@id\":\"https:\\\/\\\/wp.sprachtherapie-duisburg.de\\\/aktuelles\\\/#website\",\"url\":\"https:\\\/\\\/wp.sprachtherapie-duisburg.de\\\/aktuelles\\\/\",\"name\":\"LOGOP\u00c4DIE OEHM &amp; SOMMER\",\"description\":\"Sprachtherapie in Duisburg und Dinslaken\",\"publisher\":{\"@id\":\"https:\\\/\\\/wp.sprachtherapie-duisburg.de\\\/aktuelles\\\/#organization\"},\"potentialAction\":[{\"@type\":\"SearchAction\",\"target\":{\"@type\":\"EntryPoint\",\"urlTemplate\":\"https:\\\/\\\/wp.sprachtherapie-duisburg.de\\\/aktuelles\\\/?s={search_term_string}\"},\"query-input\":{\"@type\":\"PropertyValueSpecification\",\"valueRequired\":true,\"valueName\":\"search_term_string\"}}],\"inLanguage\":\"de\"},{\"@type\":\"Organization\",\"@id\":\"https:\\\/\\\/wp.sprachtherapie-duisburg.de\\\/aktuelles\\\/#organization\",\"name\":\"Logop\u00e4die Oehm & Sommer\",\"url\":\"https:\\\/\\\/wp.sprachtherapie-duisburg.de\\\/aktuelles\\\/\",\"logo\":{\"@type\":\"ImageObject\",\"inLanguage\":\"de\",\"@id\":\"https:\\\/\\\/wp.sprachtherapie-duisburg.de\\\/aktuelles\\\/#\\\/schema\\\/logo\\\/image\\\/\",\"url\":\"https:\\\/\\\/wp.sprachtherapie-duisburg.de\\\/wp-content\\\/uploads\\\/2021\\\/06\\\/Logo_2farbig_blau-gelb_aktuell-gespiegelt.png\",\"contentUrl\":\"https:\\\/\\\/wp.sprachtherapie-duisburg.de\\\/wp-content\\\/uploads\\\/2021\\\/06\\\/Logo_2farbig_blau-gelb_aktuell-gespiegelt.png\",\"width\":1886,\"height\":613,\"caption\":\"Logop\u00e4die Oehm & Sommer\"},\"image\":{\"@id\":\"https:\\\/\\\/wp.sprachtherapie-duisburg.de\\\/aktuelles\\\/#\\\/schema\\\/logo\\\/image\\\/\"},\"sameAs\":[\"https:\\\/\\\/www.facebook.com\\\/logoos\"]},{\"@type\":\"Person\",\"@id\":\"https:\\\/\\\/wp.sprachtherapie-duisburg.de\\\/aktuelles\\\/#\\\/schema\\\/person\\\/07e40333ffc16068a3a41006d2991457\",\"name\":\"OS\",\"image\":{\"@type\":\"ImageObject\",\"inLanguage\":\"de\",\"@id\":\"https:\\\/\\\/secure.gravatar.com\\\/avatar\\\/94af1e148fa4492b70da7b958abcf59191bdc9bde7e028ded5481e6ac1bf9d7e?s=96&d=mm&r=g\",\"url\":\"https:\\\/\\\/secure.gravatar.com\\\/avatar\\\/94af1e148fa4492b70da7b958abcf59191bdc9bde7e028ded5481e6ac1bf9d7e?s=96&d=mm&r=g\",\"contentUrl\":\"https:\\\/\\\/secure.gravatar.com\\\/avatar\\\/94af1e148fa4492b70da7b958abcf59191bdc9bde7e028ded5481e6ac1bf9d7e?s=96&d=mm&r=g\",\"caption\":\"OS\"}}]}<\/script>\n<!-- \/ Yoast SEO plugin. -->","yoast_head_json":{"title":"Unsere Therapiekinder haben zum Thema Frieden gemalt &#187; LOGOP\u00c4DIE OEHM &amp; SOMMER","robots":{"index":"index","follow":"follow","max-snippet":"max-snippet:-1","max-image-preview":"max-image-preview:large","max-video-preview":"max-video-preview:-1"},"canonical":"https:\/\/wp.sprachtherapie-duisburg.de\/aktuelles\/2022\/04\/unsere-kinder-haben-zum-thema-frieden-gemalt\/","og_locale":"de_DE","og_type":"article","og_title":"Unsere Therapiekinder haben zum Thema Frieden gemalt &#187; LOGOP\u00c4DIE OEHM &amp; SOMMER","og_description":"Alle Bilder h\u00e4ngen nun zun\u00e4chst in in unserer Praxis in der Holsteiner Stra\u00dfe aus. Sp\u00e4ter sollen sie auch in unseren anderen Praxen ausgestellt werden. Wir waren v\u00f6llig \u00fcberw\u00e4ltigt von der Resonanz unserer kleinen und gro\u00dfen K\u00fcnstler, die das Thema Frieden offenbar sehr bewegt. Vielen Dank an alle unsere K\u00fcnstler","og_url":"https:\/\/wp.sprachtherapie-duisburg.de\/aktuelles\/2022\/04\/unsere-kinder-haben-zum-thema-frieden-gemalt\/","og_site_name":"LOGOP\u00c4DIE OEHM &amp; SOMMER","article_publisher":"https:\/\/www.facebook.com\/logoos","article_published_time":"2022-04-09T14:54:00+00:00","article_modified_time":"2022-11-30T09:04:16+00:00","og_image":[{"width":1200,"height":1600,"url":"https:\/\/wp.sprachtherapie-duisburg.de\/wp-content\/uploads\/2022\/04\/image-20220704-172735.jpeg","type":"image\/jpeg"}],"author":"OS","twitter_card":"summary_large_image","twitter_misc":{"Verfasst von":"OS","Gesch\u00e4tzte Lesezeit":"11\u00a0Minuten"},"schema":{"@context":"https:\/\/schema.org","@graph":[{"@type":"NewsArticle","@id":"https:\/\/wp.sprachtherapie-duisburg.de\/aktuelles\/2022\/04\/unsere-kinder-haben-zum-thema-frieden-gemalt\/#article","isPartOf":{"@id":"https:\/\/wp.sprachtherapie-duisburg.de\/aktuelles\/2022\/04\/unsere-kinder-haben-zum-thema-frieden-gemalt\/"},"author":{"name":"OS","@id":"https:\/\/wp.sprachtherapie-duisburg.de\/aktuelles\/#\/schema\/person\/07e40333ffc16068a3a41006d2991457"},"headline":"Unsere Therapiekinder haben zum Thema Frieden gemalt","datePublished":"2022-04-09T14:54:00+00:00","dateModified":"2022-11-30T09:04:16+00:00","mainEntityOfPage":{"@id":"https:\/\/wp.sprachtherapie-duisburg.de\/aktuelles\/2022\/04\/unsere-kinder-haben-zum-thema-frieden-gemalt\/"},"wordCount":65,"publisher":{"@id":"https:\/\/wp.sprachtherapie-duisburg.de\/aktuelles\/#organization"},"image":{"@id":"https:\/\/wp.sprachtherapie-duisburg.de\/aktuelles\/2022\/04\/unsere-kinder-haben-zum-thema-frieden-gemalt\/#primaryimage"},"thumbnailUrl":"https:\/\/i0.wp.com\/wp.sprachtherapie-duisburg.de\/wp-content\/uploads\/2022\/04\/image-20220704-172735.jpeg?fit=1200%2C1600&ssl=1","keywords":["Bild","Frieden","Kinder","K\u00fcnstler","Malen","Malwettbewerb"],"articleSection":["Beitr\u00e4ge"],"inLanguage":"de"},{"@type":["WebPage","MedicalWebPage"],"@id":"https:\/\/wp.sprachtherapie-duisburg.de\/aktuelles\/2022\/04\/unsere-kinder-haben-zum-thema-frieden-gemalt\/","url":"https:\/\/wp.sprachtherapie-duisburg.de\/aktuelles\/2022\/04\/unsere-kinder-haben-zum-thema-frieden-gemalt\/","name":"Unsere Therapiekinder haben zum Thema Frieden gemalt &#187; LOGOP\u00c4DIE OEHM &amp; SOMMER","isPartOf":{"@id":"https:\/\/wp.sprachtherapie-duisburg.de\/aktuelles\/#website"},"primaryImageOfPage":{"@id":"https:\/\/wp.sprachtherapie-duisburg.de\/aktuelles\/2022\/04\/unsere-kinder-haben-zum-thema-frieden-gemalt\/#primaryimage"},"image":{"@id":"https:\/\/wp.sprachtherapie-duisburg.de\/aktuelles\/2022\/04\/unsere-kinder-haben-zum-thema-frieden-gemalt\/#primaryimage"},"thumbnailUrl":"https:\/\/i0.wp.com\/wp.sprachtherapie-duisburg.de\/wp-content\/uploads\/2022\/04\/image-20220704-172735.jpeg?fit=1200%2C1600&ssl=1","datePublished":"2022-04-09T14:54:00+00:00","dateModified":"2022-11-30T09:04:16+00:00","breadcrumb":{"@id":"https:\/\/wp.sprachtherapie-duisburg.de\/aktuelles\/2022\/04\/unsere-kinder-haben-zum-thema-frieden-gemalt\/#breadcrumb"},"inLanguage":"de","potentialAction":[{"@type":"ReadAction","target":["https:\/\/wp.sprachtherapie-duisburg.de\/aktuelles\/2022\/04\/unsere-kinder-haben-zum-thema-frieden-gemalt\/"]}]},{"@type":"ImageObject","inLanguage":"de","@id":"https:\/\/wp.sprachtherapie-duisburg.de\/aktuelles\/2022\/04\/unsere-kinder-haben-zum-thema-frieden-gemalt\/#primaryimage","url":"https:\/\/i0.wp.com\/wp.sprachtherapie-duisburg.de\/wp-content\/uploads\/2022\/04\/image-20220704-172735.jpeg?fit=1200%2C1600&ssl=1","contentUrl":"https:\/\/i0.wp.com\/wp.sprachtherapie-duisburg.de\/wp-content\/uploads\/2022\/04\/image-20220704-172735.jpeg?fit=1200%2C1600&ssl=1","width":1200,"height":1600},{"@type":"BreadcrumbList","@id":"https:\/\/wp.sprachtherapie-duisburg.de\/aktuelles\/2022\/04\/unsere-kinder-haben-zum-thema-frieden-gemalt\/#breadcrumb","itemListElement":[{"@type":"ListItem","position":1,"name":"Startseite","item":"https:\/\/wp.sprachtherapie-duisburg.de\/aktuelles\/"},{"@type":"ListItem","position":2,"name":"Unsere Therapiekinder haben zum Thema Frieden gemalt"}]},{"@type":"WebSite","@id":"https:\/\/wp.sprachtherapie-duisburg.de\/aktuelles\/#website","url":"https:\/\/wp.sprachtherapie-duisburg.de\/aktuelles\/","name":"LOGOP\u00c4DIE OEHM &amp; SOMMER","description":"Sprachtherapie in Duisburg und Dinslaken","publisher":{"@id":"https:\/\/wp.sprachtherapie-duisburg.de\/aktuelles\/#organization"},"potentialAction":[{"@type":"SearchAction","target":{"@type":"EntryPoint","urlTemplate":"https:\/\/wp.sprachtherapie-duisburg.de\/aktuelles\/?s={search_term_string}"},"query-input":{"@type":"PropertyValueSpecification","valueRequired":true,"valueName":"search_term_string"}}],"inLanguage":"de"},{"@type":"Organization","@id":"https:\/\/wp.sprachtherapie-duisburg.de\/aktuelles\/#organization","name":"Logop\u00e4die Oehm & Sommer","url":"https:\/\/wp.sprachtherapie-duisburg.de\/aktuelles\/","logo":{"@type":"ImageObject","inLanguage":"de","@id":"https:\/\/wp.sprachtherapie-duisburg.de\/aktuelles\/#\/schema\/logo\/image\/","url":"https:\/\/wp.sprachtherapie-duisburg.de\/wp-content\/uploads\/2021\/06\/Logo_2farbig_blau-gelb_aktuell-gespiegelt.png","contentUrl":"https:\/\/wp.sprachtherapie-duisburg.de\/wp-content\/uploads\/2021\/06\/Logo_2farbig_blau-gelb_aktuell-gespiegelt.png","width":1886,"height":613,"caption":"Logop\u00e4die Oehm & Sommer"},"image":{"@id":"https:\/\/wp.sprachtherapie-duisburg.de\/aktuelles\/#\/schema\/logo\/image\/"},"sameAs":["https:\/\/www.facebook.com\/logoos"]},{"@type":"Person","@id":"https:\/\/wp.sprachtherapie-duisburg.de\/aktuelles\/#\/schema\/person\/07e40333ffc16068a3a41006d2991457","name":"OS","image":{"@type":"ImageObject","inLanguage":"de","@id":"https:\/\/secure.gravatar.com\/avatar\/94af1e148fa4492b70da7b958abcf59191bdc9bde7e028ded5481e6ac1bf9d7e?s=96&d=mm&r=g","url":"https:\/\/secure.gravatar.com\/avatar\/94af1e148fa4492b70da7b958abcf59191bdc9bde7e028ded5481e6ac1bf9d7e?s=96&d=mm&r=g","contentUrl":"https:\/\/secure.gravatar.com\/avatar\/94af1e148fa4492b70da7b958abcf59191bdc9bde7e028ded5481e6ac1bf9d7e?s=96&d=mm&r=g","caption":"OS"}}]}},"jetpack_featured_media_url":"https:\/\/i0.wp.com\/wp.sprachtherapie-duisburg.de\/wp-content\/uploads\/2022\/04\/image-20220704-172735.jpeg?fit=1200%2C1600&ssl=1","jetpack-related-posts":[{"id":1103,"url":"https:\/\/wp.sprachtherapie-duisburg.de\/aktuelles\/2023\/02\/auch-unsere-praxis-in-eppinghoven-wird-neu-bebildert\/","url_meta":{"origin":834,"position":0},"title":"Auch unsere Praxis in Eppinghoven wird neu bebildert","author":"OS","date":"6. Februar 2023","format":false,"excerpt":"Vielen Dank an den K\u00fcnstler Dmitrij Surkov, CITYART, der es sich wieder nicht nehmen lie\u00df, die H\u00e4ngung der Bilder pers\u00f6nlich vorzunehmen. Die Bilder zeigen die Vorlieben der Therapeutinnen. Hier sind es atmosph\u00e4rische Eindr\u00fccke der Krabbenfischerei an der Nordsee. Wir freuen uns nun auf die n\u00e4chsten Bilder, die Motive aus der\u2026","rel":"","context":"In &quot;Beitr\u00e4ge&quot;","block_context":{"text":"Beitr\u00e4ge","link":"https:\/\/wp.sprachtherapie-duisburg.de\/aktuelles\/kategorie\/beitraege\/"},"img":{"alt_text":"","src":"https:\/\/i0.wp.com\/wp.sprachtherapie-duisburg.de\/wp-content\/uploads\/2023\/02\/DSC_3148-1-scaled.jpg?fit=1200%2C798&ssl=1&resize=350%2C200","width":350,"height":200,"srcset":"https:\/\/i0.wp.com\/wp.sprachtherapie-duisburg.de\/wp-content\/uploads\/2023\/02\/DSC_3148-1-scaled.jpg?fit=1200%2C798&ssl=1&resize=350%2C200 1x, https:\/\/i0.wp.com\/wp.sprachtherapie-duisburg.de\/wp-content\/uploads\/2023\/02\/DSC_3148-1-scaled.jpg?fit=1200%2C798&ssl=1&resize=525%2C300 1.5x, https:\/\/i0.wp.com\/wp.sprachtherapie-duisburg.de\/wp-content\/uploads\/2023\/02\/DSC_3148-1-scaled.jpg?fit=1200%2C798&ssl=1&resize=700%2C400 2x, https:\/\/i0.wp.com\/wp.sprachtherapie-duisburg.de\/wp-content\/uploads\/2023\/02\/DSC_3148-1-scaled.jpg?fit=1200%2C798&ssl=1&resize=1050%2C600 3x"},"classes":[]},{"id":981,"url":"https:\/\/wp.sprachtherapie-duisburg.de\/aktuelles\/2022\/11\/unsere-neue-bebilderung-in-unserer-praxis-walsum\/","url_meta":{"origin":834,"position":1},"title":"Unsere neue Bebilderung in unserer Praxis Walsum","author":"OS","date":"30. November 2022","format":false,"excerpt":"Danke an den K\u00fcnstler Dmitrij Surkov, CITYART, der es sich nicht nehmen lie\u00df, die Bilder pers\u00f6nlich aufzuh\u00e4ngen. Die Bilder zeigen lokale rheinnahe Walsumer Motive und bereichern nun den Wartebereich der Praxis. Und die Reise entlang des Rheins wird fortgesetzt mit weiteren Bildern von\u00a0CityArt Surkov\u00a0in Dinslaken-Eppinghoven. Wir freuen uns schon auf\u2026","rel":"","context":"In &quot;Beitr\u00e4ge&quot;","block_context":{"text":"Beitr\u00e4ge","link":"https:\/\/wp.sprachtherapie-duisburg.de\/aktuelles\/kategorie\/beitraege\/"},"img":{"alt_text":"Dmitrij Surkov, CITYART","src":"https:\/\/i0.wp.com\/wp.sprachtherapie-duisburg.de\/wp-content\/uploads\/2022\/11\/image.jpeg?fit=1200%2C919&ssl=1&resize=350%2C200","width":350,"height":200,"srcset":"https:\/\/i0.wp.com\/wp.sprachtherapie-duisburg.de\/wp-content\/uploads\/2022\/11\/image.jpeg?fit=1200%2C919&ssl=1&resize=350%2C200 1x, https:\/\/i0.wp.com\/wp.sprachtherapie-duisburg.de\/wp-content\/uploads\/2022\/11\/image.jpeg?fit=1200%2C919&ssl=1&resize=525%2C300 1.5x, https:\/\/i0.wp.com\/wp.sprachtherapie-duisburg.de\/wp-content\/uploads\/2022\/11\/image.jpeg?fit=1200%2C919&ssl=1&resize=700%2C400 2x, https:\/\/i0.wp.com\/wp.sprachtherapie-duisburg.de\/wp-content\/uploads\/2022\/11\/image.jpeg?fit=1200%2C919&ssl=1&resize=1050%2C600 3x"},"classes":[]},{"id":1360,"url":"https:\/\/wp.sprachtherapie-duisburg.de\/aktuelles\/2023\/11\/unsere-seminare-2024-ein-ausblick\/","url_meta":{"origin":834,"position":2},"title":"Unsere Seminare 2024 &#8211; Ein Ausblick","author":"OS","date":"3. November 2023","format":false,"excerpt":"Am 10. und 11. Februar 2024 wird die Fortbildung Fluency Shaping mit Herrn Holger Pr\u00fcss (Bonner Stottertherapie) stattfinden. Es ist die (unabh\u00e4ngige) Folgeveranstaltung des Seminars Stottermodifikation im Rahmen der Bonner Stottertherapie von Holger Pr\u00fc\u00df. Im 5. Juli. 2024 wird Frau Aichlseder, Norderstedt, eine Fortbildung zum Thema Bindungsentwicklung und Bindungstherapie nach\u2026","rel":"","context":"In &quot;Beitr\u00e4ge&quot;","block_context":{"text":"Beitr\u00e4ge","link":"https:\/\/wp.sprachtherapie-duisburg.de\/aktuelles\/kategorie\/beitraege\/"},"img":{"alt_text":"","src":"","width":0,"height":0},"classes":[]},{"id":1101,"url":"https:\/\/wp.sprachtherapie-duisburg.de\/aktuelles\/2022\/07\/fortbildung-zum-thema-therapie-von-lesestoerungen\/","url_meta":{"origin":834,"position":3},"title":"Fortbildung zum Thema Therapie von Lesest\u00f6rungen","author":"OS","date":"5. Juli 2022","format":false,"excerpt":"Am 4. Juli hat Herr Dipl.Ing. T. Barner vom Institut f\u00fcr Soziale P\u00e4diatrie und Jugendmedizin (M\u00fcnchen) das gesamte Therapeuten-Team zum Thema Therapie von Lesest\u00f6rungen nach der Methode von Prof. R. Werth auf den aktuellsten wissenschaftlichen Stand gebracht. Er referierte \u00fcber Ursachen, Diagnose- und Therapiem\u00f6glichkeiten von Lesest\u00f6rungen f\u00fcr betroffene Kinder und\u2026","rel":"","context":"In &quot;Beitr\u00e4ge&quot;","block_context":{"text":"Beitr\u00e4ge","link":"https:\/\/wp.sprachtherapie-duisburg.de\/aktuelles\/kategorie\/beitraege\/"},"img":{"alt_text":"","src":"","width":0,"height":0},"classes":[]},{"id":1314,"url":"https:\/\/wp.sprachtherapie-duisburg.de\/aktuelles\/2023\/04\/stottern-junger-kinder-im-alter-von-2-7-jahre\/","url_meta":{"origin":834,"position":4},"title":"Stottern junger Kinder im Alter von 2-7 Jahren","author":"OS","date":"11. April 2023","format":false,"excerpt":"Redeflussst\u00f6rungen Stottern und Poltern geh\u00f6ren zu den h\u00e4ufigen chronischen Erkrankungen bei Kindern, Jugendlichen und Erwachsenen. Etwa drei Viertel des Stotterns liegt bereits im Kindergartenalter vor. Die Leitlinien Redeflussst\u00f6rungen (2016) weisen auf die gro\u00dfen Chancen auf eine weitgehende oder komplettes Nachlassen f\u00fcr Stottern bei einer ad\u00e4quaten Fr\u00fchtherapie hin. (Harris et al.\u2026","rel":"","context":"In &quot;Beitr\u00e4ge&quot;","block_context":{"text":"Beitr\u00e4ge","link":"https:\/\/wp.sprachtherapie-duisburg.de\/aktuelles\/kategorie\/beitraege\/"},"img":{"alt_text":"","src":"","width":0,"height":0},"classes":[]},{"id":1416,"url":"https:\/\/wp.sprachtherapie-duisburg.de\/aktuelles\/2024\/03\/stottern-fluency-shaping-2-teil-der-fortbildungsreihe\/","url_meta":{"origin":834,"position":5},"title":"Stottern &#8211; Fluency Shaping (2. Teil der Fortbildungsreihe )","author":"OS","date":"2. M\u00e4rz 2024","format":false,"excerpt":"Bonner Stottertherapie von Holger Pr\u00fc\u00df Am Karnevals-Wochenende fand in unserem Seminarraum die Fortbildung Fluency Shaping nach dem Konzept der Bonner Stottertherapie nach Holger Pr\u00fc\u00df f\u00fcr \u00e4ltere Kinder, Jugendliche und Erwachsene mit Holger Pr\u00fc\u00df statt. Das Fluency Shaping ist ein strukturiertes Sprechen in Sinnabschnitten, mit weichen Stimmeins\u00e4tzen, prolongiertem Sprechen und leichten\u2026","rel":"","context":"In &quot;Beitr\u00e4ge&quot;","block_context":{"text":"Beitr\u00e4ge","link":"https:\/\/wp.sprachtherapie-duisburg.de\/aktuelles\/kategorie\/beitraege\/"},"img":{"alt_text":"","src":"","width":0,"height":0},"classes":[]}],"jetpack_sharing_enabled":true,"_links":{"self":[{"href":"https:\/\/wp.sprachtherapie-duisburg.de\/aktuelles\/wp-json\/wp\/v2\/posts\/834","targetHints":{"allow":["GET"]}}],"collection":[{"href":"https:\/\/wp.sprachtherapie-duisburg.de\/aktuelles\/wp-json\/wp\/v2\/posts"}],"about":[{"href":"https:\/\/wp.sprachtherapie-duisburg.de\/aktuelles\/wp-json\/wp\/v2\/types\/post"}],"author":[{"embeddable":true,"href":"https:\/\/wp.sprachtherapie-duisburg.de\/aktuelles\/wp-json\/wp\/v2\/users\/3"}],"replies":[{"embeddable":true,"href":"https:\/\/wp.sprachtherapie-duisburg.de\/aktuelles\/wp-json\/wp\/v2\/comments?post=834"}],"version-history":[{"count":11,"href":"https:\/\/wp.sprachtherapie-duisburg.de\/aktuelles\/wp-json\/wp\/v2\/posts\/834\/revisions"}],"predecessor-version":[{"id":1168,"href":"https:\/\/wp.sprachtherapie-duisburg.de\/aktuelles\/wp-json\/wp\/v2\/posts\/834\/revisions\/1168"}],"wp:featuredmedia":[{"embeddable":true,"href":"https:\/\/wp.sprachtherapie-duisburg.de\/aktuelles\/wp-json\/wp\/v2\/media\/810"}],"wp:attachment":[{"href":"https:\/\/wp.sprachtherapie-duisburg.de\/aktuelles\/wp-json\/wp\/v2\/media?parent=834"}],"wp:term":[{"taxonomy":"category","embeddable":true,"href":"https:\/\/wp.sprachtherapie-duisburg.de\/aktuelles\/wp-json\/wp\/v2\/categories?post=834"},{"taxonomy":"post_tag","embeddable":true,"href":"https:\/\/wp.sprachtherapie-duisburg.de\/aktuelles\/wp-json\/wp\/v2\/tags?post=834"}],"curies":[{"name":"wp","href":"https:\/\/api.w.org\/{rel}","templated":true}]}}