{"id":981,"date":"2022-11-30T09:55:50","date_gmt":"2022-11-30T08:55:50","guid":{"rendered":"https:\/\/wp.sprachtherapie-duisburg.de\/?p=981"},"modified":"2023-02-02T10:27:39","modified_gmt":"2023-02-02T09:27:39","slug":"unsere-neue-bebilderung-in-unserer-praxis-walsum","status":"publish","type":"post","link":"https:\/\/wp.sprachtherapie-duisburg.de\/aktuelles\/2022\/11\/unsere-neue-bebilderung-in-unserer-praxis-walsum\/","title":{"rendered":"Unsere neue Bebilderung in unserer Praxis Walsum"},"content":{"rendered":"\n<p class=\"wp-block-paragraph\">Danke an den K\u00fcnstler Dmitrij Surkov, CITYART, der es sich nicht nehmen lie\u00df, die Bilder pers\u00f6nlich aufzuh\u00e4ngen.<\/p>\n\n\n\n<p class=\"wp-block-paragraph\">Die Bilder zeigen lokale rheinnahe Walsumer Motive und bereichern nun den Wartebereich der Praxis.<\/p>\n\n\n\n<p class=\"wp-block-paragraph\">Und die Reise entlang des Rheins wird fortgesetzt mit weiteren Bildern von&nbsp;<a href=\"https:\/\/www.cityartsurkov.com\/\" target=\"_blank\" rel=\"noreferrer noopener\">CityArt Surkov<\/a>&nbsp;in Dinslaken-Eppinghoven.<\/p>\n\n\n\n<p class=\"wp-block-paragraph\"><em>Wir freuen uns schon auf das n\u00e4chste gemeinsame Projekt und das \u00fcbern\u00e4chste \u2026<\/em><\/p>\n","protected":false},"excerpt":{"rendered":"<p>Danke an den K\u00fcnstler Dmitrij Surkov, CITYART, der es sich nicht nehmen lie\u00df, die Bilder pers\u00f6nlich aufzuh\u00e4ngen. Die Bilder zeigen lokale rheinnahe Walsumer Motive und bereichern nun den Wartebereich der Praxis. Und die Reise entlang des Rheins wird fortgesetzt mit weiteren Bildern von&nbsp;CityArt Surkov&nbsp;in Dinslaken-Eppinghoven. Wir freuen uns schon auf das n\u00e4chste gemeinsame Projekt und&#8230;<\/p>\n","protected":false},"author":3,"featured_media":982,"comment_status":"closed","ping_status":"closed","sticky":false,"template":"","format":"standard","meta":{"_crdt_document":"","_themeisle_gutenberg_block_has_review":false,"_jetpack_memberships_contains_paid_content":false,"footnotes":""},"categories":[23],"tags":[],"class_list":["post-981","post","type-post","status-publish","format-standard","has-post-thumbnail","hentry","category-beitraege"],"acf":[],"yoast_head":"<!-- This site is optimized with the Yoast SEO plugin v27.4 - https:\/\/yoast.com\/product\/yoast-seo-wordpress\/ -->\n<title>Unsere neue Bebilderung in unserer Praxis Walsum &#187; LOGOP\u00c4DIE OEHM &amp; SOMMER<\/title>\n<meta name=\"robots\" content=\"index, follow, max-snippet:-1, max-image-preview:large, max-video-preview:-1\" \/>\n<link rel=\"canonical\" href=\"https:\/\/wp.sprachtherapie-duisburg.de\/aktuelles\/2022\/11\/unsere-neue-bebilderung-in-unserer-praxis-walsum\/\" \/>\n<meta property=\"og:locale\" content=\"de_DE\" \/>\n<meta property=\"og:type\" content=\"article\" \/>\n<meta property=\"og:title\" content=\"Unsere neue Bebilderung in unserer Praxis Walsum &#187; LOGOP\u00c4DIE OEHM &amp; SOMMER\" \/>\n<meta property=\"og:description\" content=\"Danke an den K\u00fcnstler Dmitrij Surkov, CITYART, der es sich nicht nehmen lie\u00df, die Bilder pers\u00f6nlich aufzuh\u00e4ngen. Die Bilder zeigen lokale rheinnahe Walsumer Motive und bereichern nun den Wartebereich der Praxis. Und die Reise entlang des Rheins wird fortgesetzt mit weiteren Bildern von&nbsp;CityArt Surkov&nbsp;in Dinslaken-Eppinghoven. Wir freuen uns schon auf das n\u00e4chste gemeinsame Projekt und...\" \/>\n<meta property=\"og:url\" content=\"https:\/\/wp.sprachtherapie-duisburg.de\/aktuelles\/2022\/11\/unsere-neue-bebilderung-in-unserer-praxis-walsum\/\" \/>\n<meta property=\"og:site_name\" content=\"LOGOP\u00c4DIE OEHM &amp; SOMMER\" \/>\n<meta property=\"article:publisher\" content=\"https:\/\/www.facebook.com\/logoos\" \/>\n<meta property=\"article:published_time\" content=\"2022-11-30T08:55:50+00:00\" \/>\n<meta property=\"article:modified_time\" content=\"2023-02-02T09:27:39+00:00\" \/>\n<meta property=\"og:image\" content=\"https:\/\/wp.sprachtherapie-duisburg.de\/wp-content\/uploads\/2022\/11\/image.jpeg\" \/>\n\t<meta property=\"og:image:width\" content=\"2048\" \/>\n\t<meta property=\"og:image:height\" content=\"1568\" \/>\n\t<meta property=\"og:image:type\" content=\"image\/jpeg\" \/>\n<meta name=\"author\" content=\"OS\" \/>\n<meta name=\"twitter:card\" content=\"summary_large_image\" \/>\n<meta name=\"twitter:label1\" content=\"Verfasst von\" \/>\n\t<meta name=\"twitter:data1\" content=\"OS\" \/>\n\t<meta name=\"twitter:label2\" content=\"Gesch\u00e4tzte Lesezeit\" \/>\n\t<meta name=\"twitter:data2\" content=\"1\u00a0Minute\" \/>\n<script type=\"application\/ld+json\" class=\"yoast-schema-graph\">{\"@context\":\"https:\\\/\\\/schema.org\",\"@graph\":[{\"@type\":\"NewsArticle\",\"@id\":\"https:\\\/\\\/wp.sprachtherapie-duisburg.de\\\/aktuelles\\\/2022\\\/11\\\/unsere-neue-bebilderung-in-unserer-praxis-walsum\\\/#article\",\"isPartOf\":{\"@id\":\"https:\\\/\\\/wp.sprachtherapie-duisburg.de\\\/aktuelles\\\/2022\\\/11\\\/unsere-neue-bebilderung-in-unserer-praxis-walsum\\\/\"},\"author\":{\"name\":\"OS\",\"@id\":\"https:\\\/\\\/wp.sprachtherapie-duisburg.de\\\/aktuelles\\\/#\\\/schema\\\/person\\\/07e40333ffc16068a3a41006d2991457\"},\"headline\":\"Unsere neue Bebilderung in unserer Praxis Walsum\",\"datePublished\":\"2022-11-30T08:55:50+00:00\",\"dateModified\":\"2023-02-02T09:27:39+00:00\",\"mainEntityOfPage\":{\"@id\":\"https:\\\/\\\/wp.sprachtherapie-duisburg.de\\\/aktuelles\\\/2022\\\/11\\\/unsere-neue-bebilderung-in-unserer-praxis-walsum\\\/\"},\"wordCount\":73,\"publisher\":{\"@id\":\"https:\\\/\\\/wp.sprachtherapie-duisburg.de\\\/aktuelles\\\/#organization\"},\"image\":{\"@id\":\"https:\\\/\\\/wp.sprachtherapie-duisburg.de\\\/aktuelles\\\/2022\\\/11\\\/unsere-neue-bebilderung-in-unserer-praxis-walsum\\\/#primaryimage\"},\"thumbnailUrl\":\"https:\\\/\\\/i0.wp.com\\\/wp.sprachtherapie-duisburg.de\\\/wp-content\\\/uploads\\\/2022\\\/11\\\/image.jpeg?fit=2048%2C1568&ssl=1\",\"articleSection\":[\"Beitr\u00e4ge\"],\"inLanguage\":\"de\"},{\"@type\":[\"WebPage\",\"MedicalWebPage\"],\"@id\":\"https:\\\/\\\/wp.sprachtherapie-duisburg.de\\\/aktuelles\\\/2022\\\/11\\\/unsere-neue-bebilderung-in-unserer-praxis-walsum\\\/\",\"url\":\"https:\\\/\\\/wp.sprachtherapie-duisburg.de\\\/aktuelles\\\/2022\\\/11\\\/unsere-neue-bebilderung-in-unserer-praxis-walsum\\\/\",\"name\":\"Unsere neue Bebilderung in unserer Praxis Walsum &#187; LOGOP\u00c4DIE OEHM &amp; SOMMER\",\"isPartOf\":{\"@id\":\"https:\\\/\\\/wp.sprachtherapie-duisburg.de\\\/aktuelles\\\/#website\"},\"primaryImageOfPage\":{\"@id\":\"https:\\\/\\\/wp.sprachtherapie-duisburg.de\\\/aktuelles\\\/2022\\\/11\\\/unsere-neue-bebilderung-in-unserer-praxis-walsum\\\/#primaryimage\"},\"image\":{\"@id\":\"https:\\\/\\\/wp.sprachtherapie-duisburg.de\\\/aktuelles\\\/2022\\\/11\\\/unsere-neue-bebilderung-in-unserer-praxis-walsum\\\/#primaryimage\"},\"thumbnailUrl\":\"https:\\\/\\\/i0.wp.com\\\/wp.sprachtherapie-duisburg.de\\\/wp-content\\\/uploads\\\/2022\\\/11\\\/image.jpeg?fit=2048%2C1568&ssl=1\",\"datePublished\":\"2022-11-30T08:55:50+00:00\",\"dateModified\":\"2023-02-02T09:27:39+00:00\",\"breadcrumb\":{\"@id\":\"https:\\\/\\\/wp.sprachtherapie-duisburg.de\\\/aktuelles\\\/2022\\\/11\\\/unsere-neue-bebilderung-in-unserer-praxis-walsum\\\/#breadcrumb\"},\"inLanguage\":\"de\",\"potentialAction\":[{\"@type\":\"ReadAction\",\"target\":[\"https:\\\/\\\/wp.sprachtherapie-duisburg.de\\\/aktuelles\\\/2022\\\/11\\\/unsere-neue-bebilderung-in-unserer-praxis-walsum\\\/\"]}]},{\"@type\":\"ImageObject\",\"inLanguage\":\"de\",\"@id\":\"https:\\\/\\\/wp.sprachtherapie-duisburg.de\\\/aktuelles\\\/2022\\\/11\\\/unsere-neue-bebilderung-in-unserer-praxis-walsum\\\/#primaryimage\",\"url\":\"https:\\\/\\\/i0.wp.com\\\/wp.sprachtherapie-duisburg.de\\\/wp-content\\\/uploads\\\/2022\\\/11\\\/image.jpeg?fit=2048%2C1568&ssl=1\",\"contentUrl\":\"https:\\\/\\\/i0.wp.com\\\/wp.sprachtherapie-duisburg.de\\\/wp-content\\\/uploads\\\/2022\\\/11\\\/image.jpeg?fit=2048%2C1568&ssl=1\",\"width\":2048,\"height\":1568,\"caption\":\"Dmitrij Surkov, CITYART\"},{\"@type\":\"BreadcrumbList\",\"@id\":\"https:\\\/\\\/wp.sprachtherapie-duisburg.de\\\/aktuelles\\\/2022\\\/11\\\/unsere-neue-bebilderung-in-unserer-praxis-walsum\\\/#breadcrumb\",\"itemListElement\":[{\"@type\":\"ListItem\",\"position\":1,\"name\":\"Startseite\",\"item\":\"https:\\\/\\\/wp.sprachtherapie-duisburg.de\\\/aktuelles\\\/\"},{\"@type\":\"ListItem\",\"position\":2,\"name\":\"Unsere neue Bebilderung in unserer Praxis Walsum\"}]},{\"@type\":\"WebSite\",\"@id\":\"https:\\\/\\\/wp.sprachtherapie-duisburg.de\\\/aktuelles\\\/#website\",\"url\":\"https:\\\/\\\/wp.sprachtherapie-duisburg.de\\\/aktuelles\\\/\",\"name\":\"LOGOP\u00c4DIE OEHM &amp; SOMMER\",\"description\":\"Sprachtherapie in Duisburg und Dinslaken\",\"publisher\":{\"@id\":\"https:\\\/\\\/wp.sprachtherapie-duisburg.de\\\/aktuelles\\\/#organization\"},\"potentialAction\":[{\"@type\":\"SearchAction\",\"target\":{\"@type\":\"EntryPoint\",\"urlTemplate\":\"https:\\\/\\\/wp.sprachtherapie-duisburg.de\\\/aktuelles\\\/?s={search_term_string}\"},\"query-input\":{\"@type\":\"PropertyValueSpecification\",\"valueRequired\":true,\"valueName\":\"search_term_string\"}}],\"inLanguage\":\"de\"},{\"@type\":\"Organization\",\"@id\":\"https:\\\/\\\/wp.sprachtherapie-duisburg.de\\\/aktuelles\\\/#organization\",\"name\":\"Logop\u00e4die Oehm & Sommer\",\"url\":\"https:\\\/\\\/wp.sprachtherapie-duisburg.de\\\/aktuelles\\\/\",\"logo\":{\"@type\":\"ImageObject\",\"inLanguage\":\"de\",\"@id\":\"https:\\\/\\\/wp.sprachtherapie-duisburg.de\\\/aktuelles\\\/#\\\/schema\\\/logo\\\/image\\\/\",\"url\":\"https:\\\/\\\/wp.sprachtherapie-duisburg.de\\\/wp-content\\\/uploads\\\/2021\\\/06\\\/Logo_2farbig_blau-gelb_aktuell-gespiegelt.png\",\"contentUrl\":\"https:\\\/\\\/wp.sprachtherapie-duisburg.de\\\/wp-content\\\/uploads\\\/2021\\\/06\\\/Logo_2farbig_blau-gelb_aktuell-gespiegelt.png\",\"width\":1886,\"height\":613,\"caption\":\"Logop\u00e4die Oehm & Sommer\"},\"image\":{\"@id\":\"https:\\\/\\\/wp.sprachtherapie-duisburg.de\\\/aktuelles\\\/#\\\/schema\\\/logo\\\/image\\\/\"},\"sameAs\":[\"https:\\\/\\\/www.facebook.com\\\/logoos\"]},{\"@type\":\"Person\",\"@id\":\"https:\\\/\\\/wp.sprachtherapie-duisburg.de\\\/aktuelles\\\/#\\\/schema\\\/person\\\/07e40333ffc16068a3a41006d2991457\",\"name\":\"OS\",\"image\":{\"@type\":\"ImageObject\",\"inLanguage\":\"de\",\"@id\":\"https:\\\/\\\/secure.gravatar.com\\\/avatar\\\/94af1e148fa4492b70da7b958abcf59191bdc9bde7e028ded5481e6ac1bf9d7e?s=96&d=mm&r=g\",\"url\":\"https:\\\/\\\/secure.gravatar.com\\\/avatar\\\/94af1e148fa4492b70da7b958abcf59191bdc9bde7e028ded5481e6ac1bf9d7e?s=96&d=mm&r=g\",\"contentUrl\":\"https:\\\/\\\/secure.gravatar.com\\\/avatar\\\/94af1e148fa4492b70da7b958abcf59191bdc9bde7e028ded5481e6ac1bf9d7e?s=96&d=mm&r=g\",\"caption\":\"OS\"}}]}<\/script>\n<!-- \/ Yoast SEO plugin. -->","yoast_head_json":{"title":"Unsere neue Bebilderung in unserer Praxis Walsum &#187; LOGOP\u00c4DIE OEHM &amp; SOMMER","robots":{"index":"index","follow":"follow","max-snippet":"max-snippet:-1","max-image-preview":"max-image-preview:large","max-video-preview":"max-video-preview:-1"},"canonical":"https:\/\/wp.sprachtherapie-duisburg.de\/aktuelles\/2022\/11\/unsere-neue-bebilderung-in-unserer-praxis-walsum\/","og_locale":"de_DE","og_type":"article","og_title":"Unsere neue Bebilderung in unserer Praxis Walsum &#187; LOGOP\u00c4DIE OEHM &amp; SOMMER","og_description":"Danke an den K\u00fcnstler Dmitrij Surkov, CITYART, der es sich nicht nehmen lie\u00df, die Bilder pers\u00f6nlich aufzuh\u00e4ngen. Die Bilder zeigen lokale rheinnahe Walsumer Motive und bereichern nun den Wartebereich der Praxis. Und die Reise entlang des Rheins wird fortgesetzt mit weiteren Bildern von&nbsp;CityArt Surkov&nbsp;in Dinslaken-Eppinghoven. Wir freuen uns schon auf das n\u00e4chste gemeinsame Projekt und...","og_url":"https:\/\/wp.sprachtherapie-duisburg.de\/aktuelles\/2022\/11\/unsere-neue-bebilderung-in-unserer-praxis-walsum\/","og_site_name":"LOGOP\u00c4DIE OEHM &amp; SOMMER","article_publisher":"https:\/\/www.facebook.com\/logoos","article_published_time":"2022-11-30T08:55:50+00:00","article_modified_time":"2023-02-02T09:27:39+00:00","og_image":[{"width":2048,"height":1568,"url":"https:\/\/wp.sprachtherapie-duisburg.de\/wp-content\/uploads\/2022\/11\/image.jpeg","type":"image\/jpeg"}],"author":"OS","twitter_card":"summary_large_image","twitter_misc":{"Verfasst von":"OS","Gesch\u00e4tzte Lesezeit":"1\u00a0Minute"},"schema":{"@context":"https:\/\/schema.org","@graph":[{"@type":"NewsArticle","@id":"https:\/\/wp.sprachtherapie-duisburg.de\/aktuelles\/2022\/11\/unsere-neue-bebilderung-in-unserer-praxis-walsum\/#article","isPartOf":{"@id":"https:\/\/wp.sprachtherapie-duisburg.de\/aktuelles\/2022\/11\/unsere-neue-bebilderung-in-unserer-praxis-walsum\/"},"author":{"name":"OS","@id":"https:\/\/wp.sprachtherapie-duisburg.de\/aktuelles\/#\/schema\/person\/07e40333ffc16068a3a41006d2991457"},"headline":"Unsere neue Bebilderung in unserer Praxis Walsum","datePublished":"2022-11-30T08:55:50+00:00","dateModified":"2023-02-02T09:27:39+00:00","mainEntityOfPage":{"@id":"https:\/\/wp.sprachtherapie-duisburg.de\/aktuelles\/2022\/11\/unsere-neue-bebilderung-in-unserer-praxis-walsum\/"},"wordCount":73,"publisher":{"@id":"https:\/\/wp.sprachtherapie-duisburg.de\/aktuelles\/#organization"},"image":{"@id":"https:\/\/wp.sprachtherapie-duisburg.de\/aktuelles\/2022\/11\/unsere-neue-bebilderung-in-unserer-praxis-walsum\/#primaryimage"},"thumbnailUrl":"https:\/\/i0.wp.com\/wp.sprachtherapie-duisburg.de\/wp-content\/uploads\/2022\/11\/image.jpeg?fit=2048%2C1568&ssl=1","articleSection":["Beitr\u00e4ge"],"inLanguage":"de"},{"@type":["WebPage","MedicalWebPage"],"@id":"https:\/\/wp.sprachtherapie-duisburg.de\/aktuelles\/2022\/11\/unsere-neue-bebilderung-in-unserer-praxis-walsum\/","url":"https:\/\/wp.sprachtherapie-duisburg.de\/aktuelles\/2022\/11\/unsere-neue-bebilderung-in-unserer-praxis-walsum\/","name":"Unsere neue Bebilderung in unserer Praxis Walsum &#187; LOGOP\u00c4DIE OEHM &amp; SOMMER","isPartOf":{"@id":"https:\/\/wp.sprachtherapie-duisburg.de\/aktuelles\/#website"},"primaryImageOfPage":{"@id":"https:\/\/wp.sprachtherapie-duisburg.de\/aktuelles\/2022\/11\/unsere-neue-bebilderung-in-unserer-praxis-walsum\/#primaryimage"},"image":{"@id":"https:\/\/wp.sprachtherapie-duisburg.de\/aktuelles\/2022\/11\/unsere-neue-bebilderung-in-unserer-praxis-walsum\/#primaryimage"},"thumbnailUrl":"https:\/\/i0.wp.com\/wp.sprachtherapie-duisburg.de\/wp-content\/uploads\/2022\/11\/image.jpeg?fit=2048%2C1568&ssl=1","datePublished":"2022-11-30T08:55:50+00:00","dateModified":"2023-02-02T09:27:39+00:00","breadcrumb":{"@id":"https:\/\/wp.sprachtherapie-duisburg.de\/aktuelles\/2022\/11\/unsere-neue-bebilderung-in-unserer-praxis-walsum\/#breadcrumb"},"inLanguage":"de","potentialAction":[{"@type":"ReadAction","target":["https:\/\/wp.sprachtherapie-duisburg.de\/aktuelles\/2022\/11\/unsere-neue-bebilderung-in-unserer-praxis-walsum\/"]}]},{"@type":"ImageObject","inLanguage":"de","@id":"https:\/\/wp.sprachtherapie-duisburg.de\/aktuelles\/2022\/11\/unsere-neue-bebilderung-in-unserer-praxis-walsum\/#primaryimage","url":"https:\/\/i0.wp.com\/wp.sprachtherapie-duisburg.de\/wp-content\/uploads\/2022\/11\/image.jpeg?fit=2048%2C1568&ssl=1","contentUrl":"https:\/\/i0.wp.com\/wp.sprachtherapie-duisburg.de\/wp-content\/uploads\/2022\/11\/image.jpeg?fit=2048%2C1568&ssl=1","width":2048,"height":1568,"caption":"Dmitrij Surkov, CITYART"},{"@type":"BreadcrumbList","@id":"https:\/\/wp.sprachtherapie-duisburg.de\/aktuelles\/2022\/11\/unsere-neue-bebilderung-in-unserer-praxis-walsum\/#breadcrumb","itemListElement":[{"@type":"ListItem","position":1,"name":"Startseite","item":"https:\/\/wp.sprachtherapie-duisburg.de\/aktuelles\/"},{"@type":"ListItem","position":2,"name":"Unsere neue Bebilderung in unserer Praxis Walsum"}]},{"@type":"WebSite","@id":"https:\/\/wp.sprachtherapie-duisburg.de\/aktuelles\/#website","url":"https:\/\/wp.sprachtherapie-duisburg.de\/aktuelles\/","name":"LOGOP\u00c4DIE OEHM &amp; SOMMER","description":"Sprachtherapie in Duisburg und Dinslaken","publisher":{"@id":"https:\/\/wp.sprachtherapie-duisburg.de\/aktuelles\/#organization"},"potentialAction":[{"@type":"SearchAction","target":{"@type":"EntryPoint","urlTemplate":"https:\/\/wp.sprachtherapie-duisburg.de\/aktuelles\/?s={search_term_string}"},"query-input":{"@type":"PropertyValueSpecification","valueRequired":true,"valueName":"search_term_string"}}],"inLanguage":"de"},{"@type":"Organization","@id":"https:\/\/wp.sprachtherapie-duisburg.de\/aktuelles\/#organization","name":"Logop\u00e4die Oehm & Sommer","url":"https:\/\/wp.sprachtherapie-duisburg.de\/aktuelles\/","logo":{"@type":"ImageObject","inLanguage":"de","@id":"https:\/\/wp.sprachtherapie-duisburg.de\/aktuelles\/#\/schema\/logo\/image\/","url":"https:\/\/wp.sprachtherapie-duisburg.de\/wp-content\/uploads\/2021\/06\/Logo_2farbig_blau-gelb_aktuell-gespiegelt.png","contentUrl":"https:\/\/wp.sprachtherapie-duisburg.de\/wp-content\/uploads\/2021\/06\/Logo_2farbig_blau-gelb_aktuell-gespiegelt.png","width":1886,"height":613,"caption":"Logop\u00e4die Oehm & Sommer"},"image":{"@id":"https:\/\/wp.sprachtherapie-duisburg.de\/aktuelles\/#\/schema\/logo\/image\/"},"sameAs":["https:\/\/www.facebook.com\/logoos"]},{"@type":"Person","@id":"https:\/\/wp.sprachtherapie-duisburg.de\/aktuelles\/#\/schema\/person\/07e40333ffc16068a3a41006d2991457","name":"OS","image":{"@type":"ImageObject","inLanguage":"de","@id":"https:\/\/secure.gravatar.com\/avatar\/94af1e148fa4492b70da7b958abcf59191bdc9bde7e028ded5481e6ac1bf9d7e?s=96&d=mm&r=g","url":"https:\/\/secure.gravatar.com\/avatar\/94af1e148fa4492b70da7b958abcf59191bdc9bde7e028ded5481e6ac1bf9d7e?s=96&d=mm&r=g","contentUrl":"https:\/\/secure.gravatar.com\/avatar\/94af1e148fa4492b70da7b958abcf59191bdc9bde7e028ded5481e6ac1bf9d7e?s=96&d=mm&r=g","caption":"OS"}}]}},"jetpack_featured_media_url":"https:\/\/i0.wp.com\/wp.sprachtherapie-duisburg.de\/wp-content\/uploads\/2022\/11\/image.jpeg?fit=2048%2C1568&ssl=1","jetpack-related-posts":[{"id":1437,"url":"https:\/\/wp.sprachtherapie-duisburg.de\/aktuelles\/2024\/04\/seit-jahrzehnten-rueckgrat-unserer-praxis-in-walsum\/","url_meta":{"origin":981,"position":0},"title":"Seit Jahrzehnten R\u00fcckgrat unserer Praxis in Walsum","author":"OS","date":"3. April 2024","format":false,"excerpt":"\u00dcber Jahrzehnte war unsere Heike Th\u00fcmer R\u00fcckgrat und Vorhut in der Anmeldung unserer Praxis in Walsum. Liebe Heike, nun warten famili\u00e4re Aufgaben auf dich und wir m\u00fcssen auf deine Kraft verzichten. Das gesamte Team dankt dir f\u00fcr die langj\u00e4hrige, zuverl\u00e4ssige und vertrauensvolle Zusammenarbeit und w\u00fcnscht noch viele Jahre im Einsatz\u2026","rel":"","context":"In &quot;Beitr\u00e4ge&quot;","block_context":{"text":"Beitr\u00e4ge","link":"https:\/\/wp.sprachtherapie-duisburg.de\/aktuelles\/kategorie\/beitraege\/"},"img":{"alt_text":"","src":"https:\/\/i0.wp.com\/wp.sprachtherapie-duisburg.de\/wp-content\/uploads\/2024\/05\/sprachtherapie-duisburg-2022-08-24-1472-Bearbeitet-1-scaled.jpg?fit=1200%2C801&ssl=1&resize=350%2C200","width":350,"height":200,"srcset":"https:\/\/i0.wp.com\/wp.sprachtherapie-duisburg.de\/wp-content\/uploads\/2024\/05\/sprachtherapie-duisburg-2022-08-24-1472-Bearbeitet-1-scaled.jpg?fit=1200%2C801&ssl=1&resize=350%2C200 1x, https:\/\/i0.wp.com\/wp.sprachtherapie-duisburg.de\/wp-content\/uploads\/2024\/05\/sprachtherapie-duisburg-2022-08-24-1472-Bearbeitet-1-scaled.jpg?fit=1200%2C801&ssl=1&resize=525%2C300 1.5x, https:\/\/i0.wp.com\/wp.sprachtherapie-duisburg.de\/wp-content\/uploads\/2024\/05\/sprachtherapie-duisburg-2022-08-24-1472-Bearbeitet-1-scaled.jpg?fit=1200%2C801&ssl=1&resize=700%2C400 2x, https:\/\/i0.wp.com\/wp.sprachtherapie-duisburg.de\/wp-content\/uploads\/2024\/05\/sprachtherapie-duisburg-2022-08-24-1472-Bearbeitet-1-scaled.jpg?fit=1200%2C801&ssl=1&resize=1050%2C600 3x"},"classes":[]},{"id":762,"url":"https:\/\/wp.sprachtherapie-duisburg.de\/aktuelles\/2020\/12\/covid-19-information\/","url_meta":{"origin":981,"position":1},"title":"COVID-19 INFORMATION &#8211; Neue Klimaanlage mit leistungsf\u00e4higem Virusfilter","author":"OS","date":"5. Dezember 2020","format":false,"excerpt":"Unsere Praxis Walsum in der Prinzenstra\u00dfe ist jetzt mit einem leistungsf\u00e4higem Partikel- und Virusfilter als Teil einer hochmodernen Klimaanlage ausgestattet. Damit profitieren unsere Kunden wie auch unsere Mitarbeiter von einer verbesserten Raumatmosph\u00e4re und zus\u00e4tzlicher Sicherheit durch st\u00e4ndigen Austausch der Raumlauft durch gefilterte Frischluft.","rel":"","context":"In &quot;Beitr\u00e4ge&quot;","block_context":{"text":"Beitr\u00e4ge","link":"https:\/\/wp.sprachtherapie-duisburg.de\/aktuelles\/kategorie\/beitraege\/"},"img":{"alt_text":"","src":"","width":0,"height":0},"classes":[]},{"id":1103,"url":"https:\/\/wp.sprachtherapie-duisburg.de\/aktuelles\/2023\/02\/auch-unsere-praxis-in-eppinghoven-wird-neu-bebildert\/","url_meta":{"origin":981,"position":2},"title":"Auch unsere Praxis in Eppinghoven wird neu bebildert","author":"OS","date":"6. Februar 2023","format":false,"excerpt":"Vielen Dank an den K\u00fcnstler Dmitrij Surkov, CITYART, der es sich wieder nicht nehmen lie\u00df, die H\u00e4ngung der Bilder pers\u00f6nlich vorzunehmen. Die Bilder zeigen die Vorlieben der Therapeutinnen. Hier sind es atmosph\u00e4rische Eindr\u00fccke der Krabbenfischerei an der Nordsee. Wir freuen uns nun auf die n\u00e4chsten Bilder, die Motive aus der\u2026","rel":"","context":"In &quot;Beitr\u00e4ge&quot;","block_context":{"text":"Beitr\u00e4ge","link":"https:\/\/wp.sprachtherapie-duisburg.de\/aktuelles\/kategorie\/beitraege\/"},"img":{"alt_text":"","src":"https:\/\/i0.wp.com\/wp.sprachtherapie-duisburg.de\/wp-content\/uploads\/2023\/02\/DSC_3148-1-scaled.jpg?fit=1200%2C798&ssl=1&resize=350%2C200","width":350,"height":200,"srcset":"https:\/\/i0.wp.com\/wp.sprachtherapie-duisburg.de\/wp-content\/uploads\/2023\/02\/DSC_3148-1-scaled.jpg?fit=1200%2C798&ssl=1&resize=350%2C200 1x, https:\/\/i0.wp.com\/wp.sprachtherapie-duisburg.de\/wp-content\/uploads\/2023\/02\/DSC_3148-1-scaled.jpg?fit=1200%2C798&ssl=1&resize=525%2C300 1.5x, https:\/\/i0.wp.com\/wp.sprachtherapie-duisburg.de\/wp-content\/uploads\/2023\/02\/DSC_3148-1-scaled.jpg?fit=1200%2C798&ssl=1&resize=700%2C400 2x, https:\/\/i0.wp.com\/wp.sprachtherapie-duisburg.de\/wp-content\/uploads\/2023\/02\/DSC_3148-1-scaled.jpg?fit=1200%2C798&ssl=1&resize=1050%2C600 3x"},"classes":[]},{"id":1732,"url":"https:\/\/wp.sprachtherapie-duisburg.de\/aktuelles\/2026\/02\/seminar-gespraechsfuehrung-mit-eltern-praxisreflexion-und-anleitung\/","url_meta":{"origin":981,"position":3},"title":"Seminar &#8222;Gespr\u00e4chsf\u00fchrung mit Eltern &#8211; Praxisreflexion und Anleitung&#8220;","author":"OS","date":"9. Februar 2026","format":false,"excerpt":"- Dr. phil. Matthias Paul Krause - Dipl.-Psychologe, Psychologischer Psychotherapeut, Supervisor - Am 6. Februar 2026 hatten wir das Vergn\u00fcgen, Herrn Dr. phil. Matthias Paul Krause, Diplom-Psychologe, Psychologischer Psychotherapeut und Supervisor, in unseren Seminarr\u00e4umen in Duisburg\/Dinslaken begr\u00fc\u00dfen zu d\u00fcrfen. Er referierte im Rahmen unserer Fortbildung zum Thema \u201eGespr\u00e4chsf\u00fchrung mit Eltern\u2026","rel":"","context":"In &quot;Beitr\u00e4ge&quot;","block_context":{"text":"Beitr\u00e4ge","link":"https:\/\/wp.sprachtherapie-duisburg.de\/aktuelles\/kategorie\/beitraege\/"},"img":{"alt_text":"","src":"","width":0,"height":0},"classes":[]},{"id":834,"url":"https:\/\/wp.sprachtherapie-duisburg.de\/aktuelles\/2022\/04\/unsere-kinder-haben-zum-thema-frieden-gemalt\/","url_meta":{"origin":981,"position":4},"title":"Unsere Therapiekinder haben zum Thema Frieden gemalt","author":"OS","date":"9. April 2022","format":false,"excerpt":"Alle Bilder h\u00e4ngen nun zun\u00e4chst in in unserer Praxis in der Holsteiner Stra\u00dfe aus. Sp\u00e4ter sollen sie auch in unseren anderen Praxen ausgestellt werden. Wir waren v\u00f6llig \u00fcberw\u00e4ltigt von der Resonanz unserer kleinen und gro\u00dfen K\u00fcnstler, die das Thema Frieden offenbar sehr bewegt. Vielen Dank an alle unsere K\u00fcnstler","rel":"","context":"In &quot;Beitr\u00e4ge&quot;","block_context":{"text":"Beitr\u00e4ge","link":"https:\/\/wp.sprachtherapie-duisburg.de\/aktuelles\/kategorie\/beitraege\/"},"img":{"alt_text":"","src":"https:\/\/i0.wp.com\/wp.sprachtherapie-duisburg.de\/wp-content\/uploads\/2022\/04\/image-20220704-172735.jpeg?fit=900%2C1200&ssl=1&resize=350%2C200","width":350,"height":200,"srcset":"https:\/\/i0.wp.com\/wp.sprachtherapie-duisburg.de\/wp-content\/uploads\/2022\/04\/image-20220704-172735.jpeg?fit=900%2C1200&ssl=1&resize=350%2C200 1x, https:\/\/i0.wp.com\/wp.sprachtherapie-duisburg.de\/wp-content\/uploads\/2022\/04\/image-20220704-172735.jpeg?fit=900%2C1200&ssl=1&resize=525%2C300 1.5x, https:\/\/i0.wp.com\/wp.sprachtherapie-duisburg.de\/wp-content\/uploads\/2022\/04\/image-20220704-172735.jpeg?fit=900%2C1200&ssl=1&resize=700%2C400 2x"},"classes":[]},{"id":1360,"url":"https:\/\/wp.sprachtherapie-duisburg.de\/aktuelles\/2023\/11\/unsere-seminare-2024-ein-ausblick\/","url_meta":{"origin":981,"position":5},"title":"Unsere Seminare 2024 &#8211; Ein Ausblick","author":"OS","date":"3. November 2023","format":false,"excerpt":"Am 10. und 11. Februar 2024 wird die Fortbildung Fluency Shaping mit Herrn Holger Pr\u00fcss (Bonner Stottertherapie) stattfinden. Es ist die (unabh\u00e4ngige) Folgeveranstaltung des Seminars Stottermodifikation im Rahmen der Bonner Stottertherapie von Holger Pr\u00fc\u00df. Im 5. Juli. 2024 wird Frau Aichlseder, Norderstedt, eine Fortbildung zum Thema Bindungsentwicklung und Bindungstherapie nach\u2026","rel":"","context":"In &quot;Beitr\u00e4ge&quot;","block_context":{"text":"Beitr\u00e4ge","link":"https:\/\/wp.sprachtherapie-duisburg.de\/aktuelles\/kategorie\/beitraege\/"},"img":{"alt_text":"","src":"","width":0,"height":0},"classes":[]}],"jetpack_sharing_enabled":true,"_links":{"self":[{"href":"https:\/\/wp.sprachtherapie-duisburg.de\/aktuelles\/wp-json\/wp\/v2\/posts\/981","targetHints":{"allow":["GET"]}}],"collection":[{"href":"https:\/\/wp.sprachtherapie-duisburg.de\/aktuelles\/wp-json\/wp\/v2\/posts"}],"about":[{"href":"https:\/\/wp.sprachtherapie-duisburg.de\/aktuelles\/wp-json\/wp\/v2\/types\/post"}],"author":[{"embeddable":true,"href":"https:\/\/wp.sprachtherapie-duisburg.de\/aktuelles\/wp-json\/wp\/v2\/users\/3"}],"replies":[{"embeddable":true,"href":"https:\/\/wp.sprachtherapie-duisburg.de\/aktuelles\/wp-json\/wp\/v2\/comments?post=981"}],"version-history":[{"count":3,"href":"https:\/\/wp.sprachtherapie-duisburg.de\/aktuelles\/wp-json\/wp\/v2\/posts\/981\/revisions"}],"predecessor-version":[{"id":987,"href":"https:\/\/wp.sprachtherapie-duisburg.de\/aktuelles\/wp-json\/wp\/v2\/posts\/981\/revisions\/987"}],"wp:featuredmedia":[{"embeddable":true,"href":"https:\/\/wp.sprachtherapie-duisburg.de\/aktuelles\/wp-json\/wp\/v2\/media\/982"}],"wp:attachment":[{"href":"https:\/\/wp.sprachtherapie-duisburg.de\/aktuelles\/wp-json\/wp\/v2\/media?parent=981"}],"wp:term":[{"taxonomy":"category","embeddable":true,"href":"https:\/\/wp.sprachtherapie-duisburg.de\/aktuelles\/wp-json\/wp\/v2\/categories?post=981"},{"taxonomy":"post_tag","embeddable":true,"href":"https:\/\/wp.sprachtherapie-duisburg.de\/aktuelles\/wp-json\/wp\/v2\/tags?post=981"}],"curies":[{"name":"wp","href":"https:\/\/api.w.org\/{rel}","templated":true}]}}